{"id":10976,"date":"2014-09-23T10:05:39","date_gmt":"2014-09-23T07:05:39","guid":{"rendered":"http:\/\/www.sana.sy\/tr\/?p=10976"},"modified":"2014-09-23T12:31:56","modified_gmt":"2014-09-23T09:31:56","slug":"10976","status":"publish","type":"post","link":"https:\/\/archive.sana.sy\/tr\/?p=10976","title":{"rendered":"\u201cSuriye Bar\u0131\u015f\u0131 \u0130\u00e7in Oru\u00e7lu ve Namazkar \u015eam Kilisesi\u201d Ad\u0131yla Ayinlere Ba\u015fland\u0131"},"content":{"rendered":"<p>\u015eAM \u2013 \u015eam\u2019daki Zeytin Mahallesinde bulunan Seyyidet\u00fcl Niyyah Rum Katolik Katedralinde, \u201cSuriye Bar\u0131\u015f\u0131 \u0130\u00e7in Oru\u00e7lu ve Namazkar \u015eam Kilisesi\u201d ba\u015fl\u0131\u011f\u0131 alt\u0131nda Suriye\u2019de bar\u0131\u015f i\u00e7in bir ayin d\u00fczenledi.<\/p>\n<p><a href=\"http:\/\/www.sana.sy\/tr\/wp-content\/uploads\/2014\/09\/Patrik-Lahham-ve-Patrikler-1.jpg\"><img loading=\"lazy\" decoding=\"async\" class=\"alignright size-medium wp-image-10977\" src=\"http:\/\/www.sana.sy\/tr\/wp-content\/uploads\/2014\/09\/Patrik-Lahham-ve-Patrikler-1-300x199.jpg\" alt=\"Patrik Lahham ve Patrikler 1\" width=\"300\" height=\"199\" srcset=\"https:\/\/archive.sana.sy\/tr\/wp-content\/uploads\/2014\/09\/Patrik-Lahham-ve-Patrikler-1-300x199.jpg 300w, https:\/\/archive.sana.sy\/tr\/wp-content\/uploads\/2014\/09\/Patrik-Lahham-ve-Patrikler-1-150x99.jpg 150w, https:\/\/archive.sana.sy\/tr\/wp-content\/uploads\/2014\/09\/Patrik-Lahham-ve-Patrikler-1.jpg 305w\" sizes=\"auto, (max-width: 300px) 100vw, 300px\" \/><\/a>Ayine Antakya ve T\u00fcm Do\u011fu Rum Katolik ve Melkite Patrikli\u011fi ba\u015fkan\u0131 Patrik III. Gregorios Lahham ba\u015fkanl\u0131k ederken \u015eam\u2019daki b\u00fct\u00fcn H\u0131ristiyan taifeleri temsilcileri de kat\u0131ld\u0131.<\/p>\n<p>Patrik Lahham:\u201dD\u00f6rt y\u0131ld\u0131r Suriye ac\u0131lar yolunda ilerliyor, bizler ise halk\u0131m\u0131z\u0131n ac\u0131lar\u0131, karanl\u0131k ve f\u0131rt\u0131nal\u0131, g\u00f6\u00e7, hicret ve gelecekle ilgili sorular\u0131 \u00f6n\u00fcnde aciz kal\u0131yoruz, bu y\u00fczden Suriye, Patrikler, Piskoposlar, Ruhban ve Rahibeleri koruyan Kahinler olarak bizleri bir ay boyunca ayinler d\u00fczenlemeye \u00e7a\u011f\u0131r\u0131yor. Bizlerde bu ayinleri O\u2019nun bar\u0131\u015f\u0131, g\u00fcven ve istikrar\u0131 ve de d\u00fc\u015fmanlar\u0131na kar\u015f\u0131 zafer elde etmesi i\u00e7in ac\u0131 \u00e7eken Suriye\u2019yi bar\u0131\u015f i\u00e7in ayin seslerinin y\u00fckselece\u011fi b\u00fcy\u00fck bir Kiliseye \u00e7evirece\u011fiz\u201d dedi.<\/p>\n<p>Lahham, ayin ve oru\u00e7 g\u00fcnlerini bug\u00fcn ba\u015flatt\u0131klar\u0131n\u0131 ve \u015eam\u2019\u0131n b\u00fct\u00fcn mahalle ve semtlerine ta\u015f\u0131nacaklar\u0131n\u0131 yollar\u0131nda y\u00fcr\u00fcyeceklerini b\u00fct\u00fcn Kiliselerinde ayinler d\u00fczenleyeceklerini imkan dahilinde bu ay i\u00e7lerinde oru\u00e7 ta tutacaklar\u0131n\u0131 dile getirdi.<\/p>\n<p><a href=\"http:\/\/www.sana.sy\/tr\/wp-content\/uploads\/2014\/09\/Patrik-Lahham-ve-Patrikler-2.jpg\"><img loading=\"lazy\" decoding=\"async\" class=\"alignright size-medium wp-image-10978\" src=\"http:\/\/www.sana.sy\/tr\/wp-content\/uploads\/2014\/09\/Patrik-Lahham-ve-Patrikler-2-300x199.jpg\" alt=\"Patrik Lahham ve Patrikler 2\" width=\"300\" height=\"199\" srcset=\"https:\/\/archive.sana.sy\/tr\/wp-content\/uploads\/2014\/09\/Patrik-Lahham-ve-Patrikler-2-300x199.jpg 300w, https:\/\/archive.sana.sy\/tr\/wp-content\/uploads\/2014\/09\/Patrik-Lahham-ve-Patrikler-2-150x99.jpg 150w, https:\/\/archive.sana.sy\/tr\/wp-content\/uploads\/2014\/09\/Patrik-Lahham-ve-Patrikler-2.jpg 305w\" sizes=\"auto, (max-width: 300px) 100vw, 300px\" \/><\/a>Lahham: \u201cB\u00fct\u00fcn Kiliselerin Suriye, zaferi, birli\u011fi, b\u00fct\u00fcn evlatlar\u0131n\u0131n dayan\u0131\u015fmas\u0131, ba\u015fkan\u0131, ordusu, bar\u0131\u015f ve g\u00fcvenli\u011fi i\u00e7in tek ses, tek g\u00f6r\u00fc\u015f ve tek kalp olarak bu ayinlere kat\u0131lmas\u0131ndan dolay\u0131 sevin\u00e7liyiz\u201d dedi.<\/p>\n<p>Daha sonra 11. Y\u00fczy\u0131lda Barbarlar\u0131n \u0130stanbul\u2019u i\u015fgal etmeye \u00e7al\u0131\u015ft\u0131klar\u0131nda tehlikeyi uzakla\u015ft\u0131ran ikona al\u0131narak Bab \u015earki\u2019de bug\u00fcn ayinin d\u00fczenlenece\u011fi S\u00fcryani Katolik Piskoposlu\u011funa ta\u015f\u0131nd\u0131.<\/p>\n","protected":false},"excerpt":{"rendered":"<p>\u015eAM \u2013 \u015eam\u2019daki Zeytin Mahallesinde bulunan Seyyidet\u00fcl Niyyah Rum Katolik Katedralinde, \u201cSuriye Bar\u0131\u015f\u0131 \u0130\u00e7in Oru\u00e7lu ve Namazkar \u015eam Kilisesi\u201d ba\u015fl\u0131\u011f\u0131 alt\u0131nda Suriye\u2019de bar\u0131\u015f i\u00e7in bir ayin d\u00fczenledi. Ayine Antakya ve T\u00fcm Do\u011fu Rum Katolik ve Melkite Patrikli\u011fi ba\u015fkan\u0131 Patrik III. Gregorios Lahham ba\u015fkanl\u0131k ederken \u015eam\u2019daki b\u00fct\u00fcn H\u0131ristiyan taifeleri temsilcileri de kat\u0131ld\u0131. Patrik Lahham:\u201dD\u00f6rt y\u0131ld\u0131r Suriye &hellip;<\/p>\n","protected":false},"author":1,"featured_media":10979,"comment_status":"closed","ping_status":"closed","sticky":false,"template":"","format":"standard","meta":{"footnotes":""},"categories":[479,478],"tags":[2629,2633,2634,2631,2630,2632],"class_list":["post-10976","post","type-post","status-publish","format-standard","has-post-thumbnail","","category-haberler-yerel","category-yerel","tag-suriye-barisi-icin","tag-adiyla","tag-ayinlere-baslandi","tag-namazkar","tag-oruclu-ve","tag-sam-kilisesi"],"_links":{"self":[{"href":"https:\/\/archive.sana.sy\/tr\/index.php?rest_route=\/wp\/v2\/posts\/10976","targetHints":{"allow":["GET"]}}],"collection":[{"href":"https:\/\/archive.sana.sy\/tr\/index.php?rest_route=\/wp\/v2\/posts"}],"about":[{"href":"https:\/\/archive.sana.sy\/tr\/index.php?rest_route=\/wp\/v2\/types\/post"}],"author":[{"embeddable":true,"href":"https:\/\/archive.sana.sy\/tr\/index.php?rest_route=\/wp\/v2\/users\/1"}],"replies":[{"embeddable":true,"href":"https:\/\/archive.sana.sy\/tr\/index.php?rest_route=%2Fwp%2Fv2%2Fcomments&post=10976"}],"version-history":[{"count":0,"href":"https:\/\/archive.sana.sy\/tr\/index.php?rest_route=\/wp\/v2\/posts\/10976\/revisions"}],"wp:featuredmedia":[{"embeddable":true,"href":"https:\/\/archive.sana.sy\/tr\/index.php?rest_route=\/wp\/v2\/media\/10979"}],"wp:attachment":[{"href":"https:\/\/archive.sana.sy\/tr\/index.php?rest_route=%2Fwp%2Fv2%2Fmedia&parent=10976"}],"wp:term":[{"taxonomy":"category","embeddable":true,"href":"https:\/\/archive.sana.sy\/tr\/index.php?rest_route=%2Fwp%2Fv2%2Fcategories&post=10976"},{"taxonomy":"post_tag","embeddable":true,"href":"https:\/\/archive.sana.sy\/tr\/index.php?rest_route=%2Fwp%2Fv2%2Ftags&post=10976"}],"curies":[{"name":"wp","href":"https:\/\/api.w.org\/{rel}","templated":true}]}}