{"id":10982,"date":"2014-09-23T10:37:21","date_gmt":"2014-09-23T07:37:21","guid":{"rendered":"http:\/\/www.sana.sy\/tr\/?p=10982"},"modified":"2014-09-23T10:37:21","modified_gmt":"2014-09-23T07:37:21","slug":"askeri-kaynak-isid-ve-nusra-teror-orgutlerine-destegi-ve-2170-sayili-karara-acik-ve-net-ihlali-cercevesinde-israil-isgali-suriye-savas-ucagina-saldiri-duzenleyerek-dusurdugunu-belirtti","status":"publish","type":"post","link":"https:\/\/archive.sana.sy\/tr\/?p=10982","title":{"rendered":"Askeri kaynak, I\u015e\u0130D ve Nusra ter\u00f6r \u00f6rg\u00fctlerine deste\u011fi ve 2170 say\u0131l\u0131 karara a\u00e7\u0131k ve net ihlali \u00e7er\u00e7evesinde \u0130srail i\u015fgali Suriye sava\u015f u\u00e7a\u011f\u0131na sald\u0131r\u0131 d\u00fczenleyerek d\u00fc\u015f\u00fcrd\u00fc\u011f\u00fcn\u00fc belirtti."},"content":{"rendered":"<p>Askeri kaynak, I\u015e\u0130D ve Nusra ter\u00f6r \u00f6rg\u00fctlerine deste\u011fi ve 2170 say\u0131l\u0131 karara a\u00e7\u0131k ve net ihlali \u00e7er\u00e7evesinde \u0130srail i\u015fgali Suriye sava\u015f u\u00e7a\u011f\u0131na sald\u0131r\u0131 d\u00fczenleyerek d\u00fc\u015f\u00fcrd\u00fc\u011f\u00fcn\u00fc belirtti.<\/p>\n","protected":false},"excerpt":{"rendered":"<p>Askeri kaynak, I\u015e\u0130D ve Nusra ter\u00f6r \u00f6rg\u00fctlerine deste\u011fi ve 2170 say\u0131l\u0131 karara a\u00e7\u0131k ve net ihlali \u00e7er\u00e7evesinde \u0130srail i\u015fgali Suriye sava\u015f u\u00e7a\u011f\u0131na sald\u0131r\u0131 d\u00fczenleyerek d\u00fc\u015f\u00fcrd\u00fc\u011f\u00fcn\u00fc belirtti.<\/p>\n","protected":false},"author":1,"featured_media":0,"comment_status":"closed","ping_status":"closed","sticky":false,"template":"","format":"standard","meta":{"footnotes":""},"categories":[1],"tags":[1031,2635],"class_list":["post-10982","post","type-post","status-publish","format-standard","","category-news-not-sorted","tag-askeri-kaynak","tag-isid-ve-nusra-teror-orgutlerine-destegi-ve-2170-sayili-karara-acik-ve-net-ihlali-cercevesinde-israil-isgali-suriye-savas-ucagina-saldiri-duzenleyerek-dusurdugunu-belirtti"],"_links":{"self":[{"href":"https:\/\/archive.sana.sy\/tr\/index.php?rest_route=\/wp\/v2\/posts\/10982","targetHints":{"allow":["GET"]}}],"collection":[{"href":"https:\/\/archive.sana.sy\/tr\/index.php?rest_route=\/wp\/v2\/posts"}],"about":[{"href":"https:\/\/archive.sana.sy\/tr\/index.php?rest_route=\/wp\/v2\/types\/post"}],"author":[{"embeddable":true,"href":"https:\/\/archive.sana.sy\/tr\/index.php?rest_route=\/wp\/v2\/users\/1"}],"replies":[{"embeddable":true,"href":"https:\/\/archive.sana.sy\/tr\/index.php?rest_route=%2Fwp%2Fv2%2Fcomments&post=10982"}],"version-history":[{"count":0,"href":"https:\/\/archive.sana.sy\/tr\/index.php?rest_route=\/wp\/v2\/posts\/10982\/revisions"}],"wp:attachment":[{"href":"https:\/\/archive.sana.sy\/tr\/index.php?rest_route=%2Fwp%2Fv2%2Fmedia&parent=10982"}],"wp:term":[{"taxonomy":"category","embeddable":true,"href":"https:\/\/archive.sana.sy\/tr\/index.php?rest_route=%2Fwp%2Fv2%2Fcategories&post=10982"},{"taxonomy":"post_tag","embeddable":true,"href":"https:\/\/archive.sana.sy\/tr\/index.php?rest_route=%2Fwp%2Fv2%2Ftags&post=10982"}],"curies":[{"name":"wp","href":"https:\/\/api.w.org\/{rel}","templated":true}]}}