{"id":109889,"date":"2017-03-31T18:36:27","date_gmt":"2017-03-31T15:36:27","guid":{"rendered":"http:\/\/www.sana.sy\/tr\/?p=109889"},"modified":"2017-03-31T18:36:27","modified_gmt":"2017-03-31T15:36:27","slug":"cenevre-gorusmelerinin-suriyeliler-arasinda-bm-temsilcisi-araciligi-ile-dolayli-olduguna-isaret-eden-caferi-dolayisiyla-de-misturadan-bu-sorulari-diger-heyetlere-sunup-gorus-ve-tutumlarini-a","status":"publish","type":"post","link":"https:\/\/archive.sana.sy\/tr\/?p=109889","title":{"rendered":"Cenevre g\u00f6r\u00fc\u015fmelerinin Suriyeliler aras\u0131nda BM temsilcisi arac\u0131l\u0131\u011f\u0131 ile dolayl\u0131 oldu\u011funa i\u015faret eden Caferi; dolay\u0131s\u0131yla de Mistura\u2019dan bu sorular\u0131 di\u011fer heyetlere sunup g\u00f6r\u00fc\u015f ve tutumlar\u0131n\u0131 almas\u0131n\u0131 istedi\u011fini belirtti\u200f"},"content":{"rendered":"<p>Cenevre g\u00f6r\u00fc\u015fmelerinin Suriyeliler aras\u0131nda BM temsilcisi arac\u0131l\u0131\u011f\u0131 ile dolayl\u0131 oldu\u011funa i\u015faret eden Caferi; dolay\u0131s\u0131yla de Mistura\u2019dan bu sorular\u0131 di\u011fer heyetlere sunup g\u00f6r\u00fc\u015f ve tutumlar\u0131n\u0131 almas\u0131n\u0131 istedi\u011fini belirtti\u200f<\/p>\n<p>&nbsp;<\/p>\n","protected":false},"excerpt":{"rendered":"<p>Cenevre g\u00f6r\u00fc\u015fmelerinin Suriyeliler aras\u0131nda BM temsilcisi arac\u0131l\u0131\u011f\u0131 ile dolayl\u0131 oldu\u011funa i\u015faret eden Caferi; dolay\u0131s\u0131yla de Mistura\u2019dan bu sorular\u0131 di\u011fer heyetlere sunup g\u00f6r\u00fc\u015f ve tutumlar\u0131n\u0131 almas\u0131n\u0131 istedi\u011fini belirtti\u200f &nbsp;<\/p>\n","protected":false},"author":1,"featured_media":0,"comment_status":"closed","ping_status":"closed","sticky":false,"template":"","format":"standard","meta":{"footnotes":""},"categories":[1],"tags":[],"class_list":["post-109889","post","type-post","status-publish","format-standard","","category-news-not-sorted"],"_links":{"self":[{"href":"https:\/\/archive.sana.sy\/tr\/index.php?rest_route=\/wp\/v2\/posts\/109889","targetHints":{"allow":["GET"]}}],"collection":[{"href":"https:\/\/archive.sana.sy\/tr\/index.php?rest_route=\/wp\/v2\/posts"}],"about":[{"href":"https:\/\/archive.sana.sy\/tr\/index.php?rest_route=\/wp\/v2\/types\/post"}],"author":[{"embeddable":true,"href":"https:\/\/archive.sana.sy\/tr\/index.php?rest_route=\/wp\/v2\/users\/1"}],"replies":[{"embeddable":true,"href":"https:\/\/archive.sana.sy\/tr\/index.php?rest_route=%2Fwp%2Fv2%2Fcomments&post=109889"}],"version-history":[{"count":0,"href":"https:\/\/archive.sana.sy\/tr\/index.php?rest_route=\/wp\/v2\/posts\/109889\/revisions"}],"wp:attachment":[{"href":"https:\/\/archive.sana.sy\/tr\/index.php?rest_route=%2Fwp%2Fv2%2Fmedia&parent=109889"}],"wp:term":[{"taxonomy":"category","embeddable":true,"href":"https:\/\/archive.sana.sy\/tr\/index.php?rest_route=%2Fwp%2Fv2%2Fcategories&post=109889"},{"taxonomy":"post_tag","embeddable":true,"href":"https:\/\/archive.sana.sy\/tr\/index.php?rest_route=%2Fwp%2Fv2%2Ftags&post=109889"}],"curies":[{"name":"wp","href":"https:\/\/api.w.org\/{rel}","templated":true}]}}