{"id":109893,"date":"2017-03-31T18:42:17","date_gmt":"2017-03-31T15:42:17","guid":{"rendered":"http:\/\/www.sana.sy\/tr\/?p=109893"},"modified":"2017-03-31T18:42:17","modified_gmt":"2017-03-31T15:42:17","slug":"diger-heyetlerin-sadece-ve-sadece-kendi-evhamlari-ve-isverenlerinin-kriterlerine-gore-bir-cozum-pesinde-olduklarina-vurgu-yapan-caferi-gecen-tum-yillar-ve-yasanan-gerceklerin-bu-evhamlarin-hicbir-sek","status":"publish","type":"post","link":"https:\/\/archive.sana.sy\/tr\/?p=109893","title":{"rendered":"Di\u011fer heyetlerin sadece ve sadece kendi evhamlar\u0131 ve i\u015fverenlerinin kriterlerine g\u00f6re bir \u00e7\u00f6z\u00fcm pe\u015finde olduklar\u0131na vurgu yapan Caferi; ge\u00e7en t\u00fcm y\u0131llar ve ya\u015fanan ger\u00e7eklerin bu evhamlar\u0131n hi\u00e7bir \u015fekilde ger\u00e7ekle\u015femeyece\u011fini kan\u0131tlad\u0131\u011f\u0131n\u0131 ifade etti\u200f"},"content":{"rendered":"<div class=\"PD IF\">\n<div id=\":n7.co\" class=\"JL\">\n<div id=\":nc.ma\" class=\"Mu SP\" title=\"\u0663\u0661 \u0645\u0627\u0631\u0633\u060c \u0662\u0660\u0661\u0667 \u0665:\u0663\u0668:\u0662\u0667 \u0645 UTC+2\"><span id=\":nc.co\" class=\"tL8wMe EMoHub\" dir=\"ltr\"><span dir=\"ltr\">Di\u011fer heyetlerin sadece ve sadece kendi evhamlar\u0131 ve i\u015fverenlerinin kriterlerine g\u00f6re bir \u00e7\u00f6z\u00fcm pe\u015finde olduklar\u0131na vurgu yapan Caferi; ge\u00e7en t\u00fcm y\u0131llar ve ya\u015fanan ger\u00e7eklerin bu evhamlar\u0131n hi\u00e7bir \u015fekilde ger\u00e7ekle\u015femeyece\u011fini kan\u0131tlad\u0131\u011f\u0131n\u0131 ifade etti<\/span>\u200f<\/span><\/div>\n<\/div>\n<\/div>\n<div class=\"ci\"><\/div>\n","protected":false},"excerpt":{"rendered":"<p>Di\u011fer heyetlerin sadece ve sadece kendi evhamlar\u0131 ve i\u015fverenlerinin kriterlerine g\u00f6re bir \u00e7\u00f6z\u00fcm pe\u015finde olduklar\u0131na vurgu yapan Caferi; ge\u00e7en t\u00fcm y\u0131llar ve ya\u015fanan ger\u00e7eklerin bu evhamlar\u0131n hi\u00e7bir \u015fekilde ger\u00e7ekle\u015femeyece\u011fini kan\u0131tlad\u0131\u011f\u0131n\u0131 ifade etti\u200f<\/p>\n","protected":false},"author":1,"featured_media":0,"comment_status":"closed","ping_status":"closed","sticky":false,"template":"","format":"standard","meta":{"footnotes":""},"categories":[17991],"tags":[],"class_list":["post-109893","post","type-post","status-publish","format-standard","","category-son-dakika"],"_links":{"self":[{"href":"https:\/\/archive.sana.sy\/tr\/index.php?rest_route=\/wp\/v2\/posts\/109893","targetHints":{"allow":["GET"]}}],"collection":[{"href":"https:\/\/archive.sana.sy\/tr\/index.php?rest_route=\/wp\/v2\/posts"}],"about":[{"href":"https:\/\/archive.sana.sy\/tr\/index.php?rest_route=\/wp\/v2\/types\/post"}],"author":[{"embeddable":true,"href":"https:\/\/archive.sana.sy\/tr\/index.php?rest_route=\/wp\/v2\/users\/1"}],"replies":[{"embeddable":true,"href":"https:\/\/archive.sana.sy\/tr\/index.php?rest_route=%2Fwp%2Fv2%2Fcomments&post=109893"}],"version-history":[{"count":0,"href":"https:\/\/archive.sana.sy\/tr\/index.php?rest_route=\/wp\/v2\/posts\/109893\/revisions"}],"wp:attachment":[{"href":"https:\/\/archive.sana.sy\/tr\/index.php?rest_route=%2Fwp%2Fv2%2Fmedia&parent=109893"}],"wp:term":[{"taxonomy":"category","embeddable":true,"href":"https:\/\/archive.sana.sy\/tr\/index.php?rest_route=%2Fwp%2Fv2%2Fcategories&post=109893"},{"taxonomy":"post_tag","embeddable":true,"href":"https:\/\/archive.sana.sy\/tr\/index.php?rest_route=%2Fwp%2Fv2%2Ftags&post=109893"}],"curies":[{"name":"wp","href":"https:\/\/api.w.org\/{rel}","templated":true}]}}