{"id":109901,"date":"2017-03-31T18:51:04","date_gmt":"2017-03-31T15:51:04","guid":{"rendered":"http:\/\/www.sana.sy\/tr\/?p=109901"},"modified":"2017-03-31T18:51:04","modified_gmt":"2017-03-31T15:51:04","slug":"suriye-heyeti-baskani-caferi-her-gorusmelerin-sonunda-oldugu-gibi-suriyedeki-krize-siyasi-cozum-saglama-ve-suriye-halkinin-acilarina-son-vermede-cenevre-ve-astana-sureclerinin-basarili-olmasi-rusy","status":"publish","type":"post","link":"https:\/\/archive.sana.sy\/tr\/?p=109901","title":{"rendered":"Suriye heyeti ba\u015fkan\u0131 Caferi; her g\u00f6r\u00fc\u015fmelerin sonunda oldu\u011fu gibi Suriye&#8217;deki krize siyasi \u00e7\u00f6z\u00fcm sa\u011flama ve Suriye halk\u0131n\u0131n ac\u0131lar\u0131na son vermede Cenevre ve Astana s\u00fcre\u00e7lerinin ba\u015far\u0131l\u0131 olmas\u0131, Rusya ve \u0130ran\u2019\u0131n bu y\u00f6ndeki \u00e7abalar\u0131n\u0131n desteklenmesi gere\u011fini ifade etti"},"content":{"rendered":"<div class=\"PD IF\">\n<div id=\":nu.co\" class=\"JL\">\n<div id=\":o0.ma\" class=\"Mu SP\" title=\"\u0663\u0661 \u0645\u0627\u0631\u0633\u060c \u0662\u0660\u0661\u0667 \u0665:\u0664\u0665:\u0664\u0669 \u0645 UTC+2\"><span id=\":o0.co\" class=\"tL8wMe EMoHub\" dir=\"ltr\"><span dir=\"ltr\">Suriye heyeti ba\u015fkan\u0131 Caferi; her g\u00f6r\u00fc\u015fmelerin sonunda oldu\u011fu gibi Suriye&#8217;deki krize siyasi \u00e7\u00f6z\u00fcm sa\u011flama ve Suriye halk\u0131n\u0131n ac\u0131lar\u0131na son vermede Cenevre ve Astana s\u00fcre\u00e7lerinin ba\u015far\u0131l\u0131 olmas\u0131, Rusya ve \u0130ran\u2019\u0131n bu y\u00f6ndeki \u00e7abalar\u0131n\u0131n desteklenmesi gere\u011fini ifade etti<\/span><\/span><\/div>\n<\/div>\n<\/div>\n","protected":false},"excerpt":{"rendered":"<p>Suriye heyeti ba\u015fkan\u0131 Caferi; her g\u00f6r\u00fc\u015fmelerin sonunda oldu\u011fu gibi Suriye&#8217;deki krize siyasi \u00e7\u00f6z\u00fcm sa\u011flama ve Suriye halk\u0131n\u0131n ac\u0131lar\u0131na son vermede Cenevre ve Astana s\u00fcre\u00e7lerinin ba\u015far\u0131l\u0131 olmas\u0131, Rusya ve \u0130ran\u2019\u0131n bu y\u00f6ndeki \u00e7abalar\u0131n\u0131n desteklenmesi gere\u011fini ifade etti<\/p>\n","protected":false},"author":1,"featured_media":0,"comment_status":"closed","ping_status":"closed","sticky":false,"template":"","format":"standard","meta":{"footnotes":""},"categories":[17991],"tags":[],"class_list":["post-109901","post","type-post","status-publish","format-standard","","category-son-dakika"],"_links":{"self":[{"href":"https:\/\/archive.sana.sy\/tr\/index.php?rest_route=\/wp\/v2\/posts\/109901","targetHints":{"allow":["GET"]}}],"collection":[{"href":"https:\/\/archive.sana.sy\/tr\/index.php?rest_route=\/wp\/v2\/posts"}],"about":[{"href":"https:\/\/archive.sana.sy\/tr\/index.php?rest_route=\/wp\/v2\/types\/post"}],"author":[{"embeddable":true,"href":"https:\/\/archive.sana.sy\/tr\/index.php?rest_route=\/wp\/v2\/users\/1"}],"replies":[{"embeddable":true,"href":"https:\/\/archive.sana.sy\/tr\/index.php?rest_route=%2Fwp%2Fv2%2Fcomments&post=109901"}],"version-history":[{"count":0,"href":"https:\/\/archive.sana.sy\/tr\/index.php?rest_route=\/wp\/v2\/posts\/109901\/revisions"}],"wp:attachment":[{"href":"https:\/\/archive.sana.sy\/tr\/index.php?rest_route=%2Fwp%2Fv2%2Fmedia&parent=109901"}],"wp:term":[{"taxonomy":"category","embeddable":true,"href":"https:\/\/archive.sana.sy\/tr\/index.php?rest_route=%2Fwp%2Fv2%2Fcategories&post=109901"},{"taxonomy":"post_tag","embeddable":true,"href":"https:\/\/archive.sana.sy\/tr\/index.php?rest_route=%2Fwp%2Fv2%2Ftags&post=109901"}],"curies":[{"name":"wp","href":"https:\/\/api.w.org\/{rel}","templated":true}]}}