{"id":109905,"date":"2017-03-31T18:54:05","date_gmt":"2017-03-31T15:54:05","guid":{"rendered":"http:\/\/www.sana.sy\/tr\/?p=109905"},"modified":"2017-03-31T18:54:05","modified_gmt":"2017-03-31T15:54:05","slug":"caferi-herhangi-bir-yan-mevzuyu-tartismanin-temel-ilkeler-uzerinde-uzlasmayi-mutlak-bri-gereklilik-kildigina-dikkat-cekerken-dolayisiyla-suriye-heyetinin-bm-temsilcisi-ile-tamamen-seffaf-oldugunu-ve","status":"publish","type":"post","link":"https:\/\/archive.sana.sy\/tr\/?p=109905","title":{"rendered":"Caferi herhangi bir yan mevzuyu tart\u0131\u015fman\u0131n temel ilkeler \u00fczerinde uzla\u015fmay\u0131 mutlak bri gereklilik k\u0131ld\u0131\u011f\u0131na dikkat \u00e7ekerken, dolay\u0131s\u0131yla Suriye heyetinin BM temsilcisi ile tamamen \u015feffaf oldu\u011funu ve di\u011fer taraflarla uzla\u015fma sa\u011flanmadan herhangi bir \u00e7al\u0131\u015fma ekibi te\u015fkil etmenin m\u00fcmk\u00fcn olmad\u0131\u011f\u0131n\u0131 belirtti\u011fini kaydetti"},"content":{"rendered":"<div class=\"PD IF\">\n<div id=\":oz.co\" class=\"JL\">\n<div id=\":p4.ma\" class=\"Mu SP\" title=\"\u0663\u0661 \u0645\u0627\u0631\u0633\u060c \u0662\u0660\u0661\u0667 \u0665:\u0665\u0661:\u0661\u0666 \u0645 UTC+2\"><span id=\":p4.co\" class=\"tL8wMe EMoHub\" dir=\"ltr\"><span dir=\"ltr\">Caferi herhangi bir yan mevzuyu tart\u0131\u015fman\u0131n temel ilkeler \u00fczerinde uzla\u015fmay\u0131 mutlak bri gereklilik k\u0131ld\u0131\u011f\u0131na dikkat \u00e7ekerken, dolay\u0131s\u0131yla Suriye heyetinin BM temsilcisi ile tamamen \u015feffaf oldu\u011funu ve di\u011fer taraflarla uzla\u015fma sa\u011flanmadan herhangi bir \u00e7al\u0131\u015fma ekibi te\u015fkil etmenin m\u00fcmk\u00fcn olmad\u0131\u011f\u0131n\u0131 belirtti\u011fini kaydetti<\/span><\/span><\/div>\n<\/div>\n<\/div>\n","protected":false},"excerpt":{"rendered":"<p>Caferi herhangi bir yan mevzuyu tart\u0131\u015fman\u0131n temel ilkeler \u00fczerinde uzla\u015fmay\u0131 mutlak bri gereklilik k\u0131ld\u0131\u011f\u0131na dikkat \u00e7ekerken, dolay\u0131s\u0131yla Suriye heyetinin BM temsilcisi ile tamamen \u015feffaf oldu\u011funu ve di\u011fer taraflarla uzla\u015fma sa\u011flanmadan herhangi bir \u00e7al\u0131\u015fma ekibi te\u015fkil etmenin m\u00fcmk\u00fcn olmad\u0131\u011f\u0131n\u0131 belirtti\u011fini kaydetti<\/p>\n","protected":false},"author":1,"featured_media":0,"comment_status":"closed","ping_status":"closed","sticky":false,"template":"","format":"standard","meta":{"footnotes":""},"categories":[17991],"tags":[],"class_list":["post-109905","post","type-post","status-publish","format-standard","","category-son-dakika"],"_links":{"self":[{"href":"https:\/\/archive.sana.sy\/tr\/index.php?rest_route=\/wp\/v2\/posts\/109905","targetHints":{"allow":["GET"]}}],"collection":[{"href":"https:\/\/archive.sana.sy\/tr\/index.php?rest_route=\/wp\/v2\/posts"}],"about":[{"href":"https:\/\/archive.sana.sy\/tr\/index.php?rest_route=\/wp\/v2\/types\/post"}],"author":[{"embeddable":true,"href":"https:\/\/archive.sana.sy\/tr\/index.php?rest_route=\/wp\/v2\/users\/1"}],"replies":[{"embeddable":true,"href":"https:\/\/archive.sana.sy\/tr\/index.php?rest_route=%2Fwp%2Fv2%2Fcomments&post=109905"}],"version-history":[{"count":0,"href":"https:\/\/archive.sana.sy\/tr\/index.php?rest_route=\/wp\/v2\/posts\/109905\/revisions"}],"wp:attachment":[{"href":"https:\/\/archive.sana.sy\/tr\/index.php?rest_route=%2Fwp%2Fv2%2Fmedia&parent=109905"}],"wp:term":[{"taxonomy":"category","embeddable":true,"href":"https:\/\/archive.sana.sy\/tr\/index.php?rest_route=%2Fwp%2Fv2%2Fcategories&post=109905"},{"taxonomy":"post_tag","embeddable":true,"href":"https:\/\/archive.sana.sy\/tr\/index.php?rest_route=%2Fwp%2Fv2%2Ftags&post=109905"}],"curies":[{"name":"wp","href":"https:\/\/api.w.org\/{rel}","templated":true}]}}