{"id":109907,"date":"2017-03-31T18:58:48","date_gmt":"2017-03-31T15:58:48","guid":{"rendered":"http:\/\/www.sana.sy\/tr\/?p=109907"},"modified":"2017-03-31T18:58:48","modified_gmt":"2017-03-31T15:58:48","slug":"gerek-bm-gerekse-baska-taraflara-iliskin-herhangi-bir-faaliyetin-suriye-topraklari-uzerinde-suriye-hukumetinin-onay-ve-izni-olmaksizin-gerceklesmesinin-mumkun-olmadigini-vurgulayan-caferi-dolayisiyla","status":"publish","type":"post","link":"https:\/\/archive.sana.sy\/tr\/?p=109907","title":{"rendered":"Gerek BM gerekse ba\u015fka taraflara ili\u015fkin herhangi bir faaliyetin Suriye topraklar\u0131 \u00fczerinde Suriye h\u00fck\u00fcmetinin onay ve izni olmaks\u0131z\u0131n ger\u00e7ekle\u015fmesinin m\u00fcmk\u00fcn olmad\u0131\u011f\u0131n\u0131 vurgulayan Caferi; dolay\u0131s\u0131yla Suriye topraklar\u0131 \u00fczerinde Katar\u2019\u0131n herhangi bir faaliyetine izin vermenin hi\u00e7bir \u015fekilde m\u00fcmk\u00fcn olmad\u0131\u011f\u0131n\u0131 vurgulad\u0131"},"content":{"rendered":"<div id=\":ph.ma\" class=\"Mu SP\" title=\"\u0663\u0661 \u0645\u0627\u0631\u0633\u060c \u0662\u0660\u0661\u0667 \u0665:\u0665\u0666:\u0661\u0660 \u0645 UTC+2\"><span id=\":ph.co\" class=\"tL8wMe EMoHub\" dir=\"ltr\"><span dir=\"ltr\">Gerek BM gerekse ba\u015fka taraflara ili\u015fkin herhangi bir faaliyetin Suriye topraklar\u0131 \u00fczerinde Suriye h\u00fck\u00fcmetinin onay ve izni olmaks\u0131z\u0131n ger\u00e7ekle\u015fmesinin m\u00fcmk\u00fcn olmad\u0131\u011f\u0131n\u0131 vurgulayan Caferi; dolay\u0131s\u0131yla Suriye topraklar\u0131 \u00fczerinde Katar\u2019\u0131n herhangi bir faaliyetine izin vermenin hi\u00e7bir \u015fekilde m\u00fcmk\u00fcn olmad\u0131\u011f\u0131n\u0131 vurgulad\u0131<\/span><\/span><\/div>\n","protected":false},"excerpt":{"rendered":"<p>Gerek BM gerekse ba\u015fka taraflara ili\u015fkin herhangi bir faaliyetin Suriye topraklar\u0131 \u00fczerinde Suriye h\u00fck\u00fcmetinin onay ve izni olmaks\u0131z\u0131n ger\u00e7ekle\u015fmesinin m\u00fcmk\u00fcn olmad\u0131\u011f\u0131n\u0131 vurgulayan Caferi; dolay\u0131s\u0131yla Suriye topraklar\u0131 \u00fczerinde Katar\u2019\u0131n herhangi bir faaliyetine izin vermenin hi\u00e7bir \u015fekilde m\u00fcmk\u00fcn olmad\u0131\u011f\u0131n\u0131 vurgulad\u0131<\/p>\n","protected":false},"author":1,"featured_media":0,"comment_status":"closed","ping_status":"closed","sticky":false,"template":"","format":"standard","meta":{"footnotes":""},"categories":[17991],"tags":[],"class_list":["post-109907","post","type-post","status-publish","format-standard","","category-son-dakika"],"_links":{"self":[{"href":"https:\/\/archive.sana.sy\/tr\/index.php?rest_route=\/wp\/v2\/posts\/109907","targetHints":{"allow":["GET"]}}],"collection":[{"href":"https:\/\/archive.sana.sy\/tr\/index.php?rest_route=\/wp\/v2\/posts"}],"about":[{"href":"https:\/\/archive.sana.sy\/tr\/index.php?rest_route=\/wp\/v2\/types\/post"}],"author":[{"embeddable":true,"href":"https:\/\/archive.sana.sy\/tr\/index.php?rest_route=\/wp\/v2\/users\/1"}],"replies":[{"embeddable":true,"href":"https:\/\/archive.sana.sy\/tr\/index.php?rest_route=%2Fwp%2Fv2%2Fcomments&post=109907"}],"version-history":[{"count":0,"href":"https:\/\/archive.sana.sy\/tr\/index.php?rest_route=\/wp\/v2\/posts\/109907\/revisions"}],"wp:attachment":[{"href":"https:\/\/archive.sana.sy\/tr\/index.php?rest_route=%2Fwp%2Fv2%2Fmedia&parent=109907"}],"wp:term":[{"taxonomy":"category","embeddable":true,"href":"https:\/\/archive.sana.sy\/tr\/index.php?rest_route=%2Fwp%2Fv2%2Fcategories&post=109907"},{"taxonomy":"post_tag","embeddable":true,"href":"https:\/\/archive.sana.sy\/tr\/index.php?rest_route=%2Fwp%2Fv2%2Ftags&post=109907"}],"curies":[{"name":"wp","href":"https:\/\/api.w.org\/{rel}","templated":true}]}}