{"id":109911,"date":"2017-03-31T19:05:06","date_gmt":"2017-03-31T16:05:06","guid":{"rendered":"http:\/\/www.sana.sy\/tr\/?p=109911"},"modified":"2017-03-31T19:05:06","modified_gmt":"2017-03-31T16:05:06","slug":"suriyedeki-krizin-son-bulmasi-ve-kanlarin-akitilmasi-cabalarinda-karsi-tarafta-ulusalci-bir-ortagin-bulunmadigini-vurgulayan-caferi-teroru-destekleyen-yonlendiren-ve-edat-olarak-kullananlarin-suri","status":"publish","type":"post","link":"https:\/\/archive.sana.sy\/tr\/?p=109911","title":{"rendered":"Suriye&#8217;deki krizin son bulmas\u0131 ve kanlar\u0131n ak\u0131t\u0131lmas\u0131 \u00e7abalar\u0131nda kar\u015f\u0131 tarafta ulusalc\u0131 bir orta\u011f\u0131n bulunmad\u0131\u011f\u0131n\u0131 vurgulayan Caferi; ter\u00f6r\u00fc destekleyen, y\u00f6nlendiren ve edat olarak kullananlar\u0131n Suriye&#8217;de siyasi \u00e7\u00f6z\u00fcm sa\u011flanmas\u0131 y\u00f6n\u00fcnde gerekli iradeye sahip olmad\u0131klar\u0131n\u0131 vurgulad\u0131"},"content":{"rendered":"<div id=\":pv.ma\" class=\"Mu SP\" title=\"\u0663\u0661 \u0645\u0627\u0631\u0633\u060c \u0662\u0660\u0661\u0667 \u0665:\u0665\u0669:\u0665\u0665 \u0645 UTC+2\"><span id=\":pv.co\" class=\"tL8wMe EMoHub\" dir=\"ltr\"><span dir=\"ltr\">Suriye&#8217;deki krizin son bulmas\u0131 ve kanlar\u0131n ak\u0131t\u0131lmas\u0131 \u00e7abalar\u0131nda kar\u015f\u0131 tarafta ulusalc\u0131 bir orta\u011f\u0131n bulunmad\u0131\u011f\u0131n\u0131 vurgulayan Caferi; ter\u00f6r\u00fc destekleyen, y\u00f6nlendiren ve edat olarak kullananlar\u0131n Suriye&#8217;de siyasi \u00e7\u00f6z\u00fcm sa\u011flanmas\u0131 y\u00f6n\u00fcnde gerekli iradeye sahip olmad\u0131klar\u0131n\u0131 vurgulad\u0131<\/span><\/span><\/div>\n","protected":false},"excerpt":{"rendered":"<p>Suriye&#8217;deki krizin son bulmas\u0131 ve kanlar\u0131n ak\u0131t\u0131lmas\u0131 \u00e7abalar\u0131nda kar\u015f\u0131 tarafta ulusalc\u0131 bir orta\u011f\u0131n bulunmad\u0131\u011f\u0131n\u0131 vurgulayan Caferi; ter\u00f6r\u00fc destekleyen, y\u00f6nlendiren ve edat olarak kullananlar\u0131n Suriye&#8217;de siyasi \u00e7\u00f6z\u00fcm sa\u011flanmas\u0131 y\u00f6n\u00fcnde gerekli iradeye sahip olmad\u0131klar\u0131n\u0131 vurgulad\u0131<\/p>\n","protected":false},"author":1,"featured_media":0,"comment_status":"closed","ping_status":"closed","sticky":false,"template":"","format":"standard","meta":{"footnotes":""},"categories":[17991],"tags":[],"class_list":["post-109911","post","type-post","status-publish","format-standard","","category-son-dakika"],"_links":{"self":[{"href":"https:\/\/archive.sana.sy\/tr\/index.php?rest_route=\/wp\/v2\/posts\/109911","targetHints":{"allow":["GET"]}}],"collection":[{"href":"https:\/\/archive.sana.sy\/tr\/index.php?rest_route=\/wp\/v2\/posts"}],"about":[{"href":"https:\/\/archive.sana.sy\/tr\/index.php?rest_route=\/wp\/v2\/types\/post"}],"author":[{"embeddable":true,"href":"https:\/\/archive.sana.sy\/tr\/index.php?rest_route=\/wp\/v2\/users\/1"}],"replies":[{"embeddable":true,"href":"https:\/\/archive.sana.sy\/tr\/index.php?rest_route=%2Fwp%2Fv2%2Fcomments&post=109911"}],"version-history":[{"count":0,"href":"https:\/\/archive.sana.sy\/tr\/index.php?rest_route=\/wp\/v2\/posts\/109911\/revisions"}],"wp:attachment":[{"href":"https:\/\/archive.sana.sy\/tr\/index.php?rest_route=%2Fwp%2Fv2%2Fmedia&parent=109911"}],"wp:term":[{"taxonomy":"category","embeddable":true,"href":"https:\/\/archive.sana.sy\/tr\/index.php?rest_route=%2Fwp%2Fv2%2Fcategories&post=109911"},{"taxonomy":"post_tag","embeddable":true,"href":"https:\/\/archive.sana.sy\/tr\/index.php?rest_route=%2Fwp%2Fv2%2Ftags&post=109911"}],"curies":[{"name":"wp","href":"https:\/\/api.w.org\/{rel}","templated":true}]}}