{"id":109915,"date":"2017-03-31T19:08:43","date_gmt":"2017-03-31T16:08:43","guid":{"rendered":"http:\/\/www.sana.sy\/tr\/?p=109915"},"modified":"2017-03-31T19:08:43","modified_gmt":"2017-03-31T16:08:43","slug":"suriye-heyeti-baskani-caferi-bmgkde-daimi-tum-uye-devletlerin-temsilcilerinin-suriyeliler-arasi-diyalog-gorusmelerinin-temel-ilkelerini-irdelemeleri-gerektigini-belirtti","status":"publish","type":"post","link":"https:\/\/archive.sana.sy\/tr\/?p=109915","title":{"rendered":"Suriye heyeti ba\u015fkan\u0131 Caferi; BMGK\u2019de daimi t\u00fcm \u00fcye devletlerin temsilcilerinin, Suriyeliler aras\u0131 diyalog g\u00f6r\u00fc\u015fmelerinin temel ilkelerini irdelemeleri gerekti\u011fini belirtti"},"content":{"rendered":"<div id=\":q9.ma\" class=\"Mu SP\" title=\"\u0663\u0661 \u0645\u0627\u0631\u0633\u060c \u0662\u0660\u0661\u0667 \u0666:\u0660\u0665:\u0662\u0664 \u0645 UTC+2\"><span id=\":q9.co\" class=\"tL8wMe EMoHub\" dir=\"ltr\"><span dir=\"ltr\">Suriye heyeti ba\u015fkan\u0131 Caferi; BMGK\u2019de daimi t\u00fcm \u00fcye devletlerin temsilcilerinin, Suriyeliler aras\u0131 diyalog g\u00f6r\u00fc\u015fmelerinin temel ilkelerini irdelemeleri gerekti\u011fini belirtti<\/span><\/span><\/div>\n","protected":false},"excerpt":{"rendered":"<p>Suriye heyeti ba\u015fkan\u0131 Caferi; BMGK\u2019de daimi t\u00fcm \u00fcye devletlerin temsilcilerinin, Suriyeliler aras\u0131 diyalog g\u00f6r\u00fc\u015fmelerinin temel ilkelerini irdelemeleri gerekti\u011fini belirtti<\/p>\n","protected":false},"author":1,"featured_media":0,"comment_status":"closed","ping_status":"closed","sticky":false,"template":"","format":"standard","meta":{"footnotes":""},"categories":[17991],"tags":[],"class_list":["post-109915","post","type-post","status-publish","format-standard","","category-son-dakika"],"_links":{"self":[{"href":"https:\/\/archive.sana.sy\/tr\/index.php?rest_route=\/wp\/v2\/posts\/109915","targetHints":{"allow":["GET"]}}],"collection":[{"href":"https:\/\/archive.sana.sy\/tr\/index.php?rest_route=\/wp\/v2\/posts"}],"about":[{"href":"https:\/\/archive.sana.sy\/tr\/index.php?rest_route=\/wp\/v2\/types\/post"}],"author":[{"embeddable":true,"href":"https:\/\/archive.sana.sy\/tr\/index.php?rest_route=\/wp\/v2\/users\/1"}],"replies":[{"embeddable":true,"href":"https:\/\/archive.sana.sy\/tr\/index.php?rest_route=%2Fwp%2Fv2%2Fcomments&post=109915"}],"version-history":[{"count":0,"href":"https:\/\/archive.sana.sy\/tr\/index.php?rest_route=\/wp\/v2\/posts\/109915\/revisions"}],"wp:attachment":[{"href":"https:\/\/archive.sana.sy\/tr\/index.php?rest_route=%2Fwp%2Fv2%2Fmedia&parent=109915"}],"wp:term":[{"taxonomy":"category","embeddable":true,"href":"https:\/\/archive.sana.sy\/tr\/index.php?rest_route=%2Fwp%2Fv2%2Fcategories&post=109915"},{"taxonomy":"post_tag","embeddable":true,"href":"https:\/\/archive.sana.sy\/tr\/index.php?rest_route=%2Fwp%2Fv2%2Ftags&post=109915"}],"curies":[{"name":"wp","href":"https:\/\/api.w.org\/{rel}","templated":true}]}}