{"id":109917,"date":"2017-03-31T19:11:57","date_gmt":"2017-03-31T16:11:57","guid":{"rendered":"http:\/\/www.sana.sy\/tr\/?p=109917"},"modified":"2017-03-31T19:11:57","modified_gmt":"2017-03-31T16:11:57","slug":"suriye-ve-halkinin-geleceginin-ne-abd-temsilcisi-ne-de-baska-hic-kimse-tarafindan-belirlenemeyeceginin-irdelenmesi-gerektigini-vurgulayan-caferi-abdnin-bmgk-temsilcisinin-de-bu-gercegi-irdel","status":"publish","type":"post","link":"https:\/\/archive.sana.sy\/tr\/?p=109917","title":{"rendered":"Suriye ve halk\u0131n\u0131n gelece\u011finin ne ABD temsilcisi ne de ba\u015fka hi\u00e7 kimse taraf\u0131ndan belirlenemeyece\u011finin irdelenmesi gerekti\u011fini vurgulayan Caferi; ABD\u2019nin BMGK temsilcisinin de bu ger\u00e7e\u011fi irdelemesi i\u00e7in belki de bir zaman s\u00fcrecine ihtiyac\u0131 olaca\u011f\u0131na i\u015faret etti\u200f"},"content":{"rendered":"<p>Suriye ve halk\u0131n\u0131n gelece\u011finin ne ABD temsilcisi ne de ba\u015fka hi\u00e7 kimse taraf\u0131ndan belirlenemeyece\u011finin irdelenmesi gerekti\u011fini vurgulayan Caferi; ABD\u2019nin BMGK temsilcisinin de bu ger\u00e7e\u011fi irdelemesi i\u00e7in belki de bir zaman s\u00fcrecine ihtiyac\u0131 olaca\u011f\u0131na i\u015faret etti\u200f<\/p>\n","protected":false},"excerpt":{"rendered":"<p>Suriye ve halk\u0131n\u0131n gelece\u011finin ne ABD temsilcisi ne de ba\u015fka hi\u00e7 kimse taraf\u0131ndan belirlenemeyece\u011finin irdelenmesi gerekti\u011fini vurgulayan Caferi; ABD\u2019nin BMGK temsilcisinin de bu ger\u00e7e\u011fi irdelemesi i\u00e7in belki de bir zaman s\u00fcrecine ihtiyac\u0131 olaca\u011f\u0131na i\u015faret etti\u200f<\/p>\n","protected":false},"author":1,"featured_media":0,"comment_status":"closed","ping_status":"closed","sticky":false,"template":"","format":"standard","meta":{"footnotes":""},"categories":[17991],"tags":[],"class_list":["post-109917","post","type-post","status-publish","format-standard","","category-son-dakika"],"_links":{"self":[{"href":"https:\/\/archive.sana.sy\/tr\/index.php?rest_route=\/wp\/v2\/posts\/109917","targetHints":{"allow":["GET"]}}],"collection":[{"href":"https:\/\/archive.sana.sy\/tr\/index.php?rest_route=\/wp\/v2\/posts"}],"about":[{"href":"https:\/\/archive.sana.sy\/tr\/index.php?rest_route=\/wp\/v2\/types\/post"}],"author":[{"embeddable":true,"href":"https:\/\/archive.sana.sy\/tr\/index.php?rest_route=\/wp\/v2\/users\/1"}],"replies":[{"embeddable":true,"href":"https:\/\/archive.sana.sy\/tr\/index.php?rest_route=%2Fwp%2Fv2%2Fcomments&post=109917"}],"version-history":[{"count":0,"href":"https:\/\/archive.sana.sy\/tr\/index.php?rest_route=\/wp\/v2\/posts\/109917\/revisions"}],"wp:attachment":[{"href":"https:\/\/archive.sana.sy\/tr\/index.php?rest_route=%2Fwp%2Fv2%2Fmedia&parent=109917"}],"wp:term":[{"taxonomy":"category","embeddable":true,"href":"https:\/\/archive.sana.sy\/tr\/index.php?rest_route=%2Fwp%2Fv2%2Fcategories&post=109917"},{"taxonomy":"post_tag","embeddable":true,"href":"https:\/\/archive.sana.sy\/tr\/index.php?rest_route=%2Fwp%2Fv2%2Ftags&post=109917"}],"curies":[{"name":"wp","href":"https:\/\/api.w.org\/{rel}","templated":true}]}}