{"id":109919,"date":"2017-03-31T19:14:35","date_gmt":"2017-03-31T16:14:35","guid":{"rendered":"http:\/\/www.sana.sy\/tr\/?p=109919"},"modified":"2017-03-31T19:14:35","modified_gmt":"2017-03-31T16:14:35","slug":"kacirilmis-ve-kayip-vatandaslar-meselesinin-suriye-halkinin-buyuk-onem-verdigi-bir-mesele-olduguna-dikkat-ceken-caferi-dolayisiyla-suriye-heyetinin-de-misturanin-terorle-mucadeleye-iliskin","status":"publish","type":"post","link":"https:\/\/archive.sana.sy\/tr\/?p=109919","title":{"rendered":"Ka\u00e7\u0131r\u0131lm\u0131\u015f ve kay\u0131p vatanda\u015flar meselesinin Suriye halk\u0131n\u0131n b\u00fcy\u00fck \u00f6nem verdi\u011fi bir mesele oldu\u011funa dikkat \u00e7eken Caferi; dolay\u0131s\u0131yla Suriye heyetinin, de Mistura\u2019n\u0131n ter\u00f6rle m\u00fccadeleye ili\u015fkin sundu\u011fu ka\u011f\u0131t ile ciddi bir reaksiyon g\u00f6sterdi\u011fini, bu ka\u011f\u0131da reaksiyon g\u00f6steren tek heyet oldu\u011funu belirtti\u200f"},"content":{"rendered":"<p>Ka\u00e7\u0131r\u0131lm\u0131\u015f ve kay\u0131p vatanda\u015flar meselesinin Suriye halk\u0131n\u0131n b\u00fcy\u00fck \u00f6nem verdi\u011fi bir mesele oldu\u011funa dikkat \u00e7eken Caferi; dolay\u0131s\u0131yla Suriye heyetinin, de Mistura\u2019n\u0131n ter\u00f6rle m\u00fccadeleye ili\u015fkin sundu\u011fu ka\u011f\u0131t ile ciddi bir reaksiyon g\u00f6sterdi\u011fini, bu ka\u011f\u0131da reaksiyon g\u00f6steren tek heyet oldu\u011funu belirtti\u200f<\/p>\n","protected":false},"excerpt":{"rendered":"<p>Ka\u00e7\u0131r\u0131lm\u0131\u015f ve kay\u0131p vatanda\u015flar meselesinin Suriye halk\u0131n\u0131n b\u00fcy\u00fck \u00f6nem verdi\u011fi bir mesele oldu\u011funa dikkat \u00e7eken Caferi; dolay\u0131s\u0131yla Suriye heyetinin, de Mistura\u2019n\u0131n ter\u00f6rle m\u00fccadeleye ili\u015fkin sundu\u011fu ka\u011f\u0131t ile ciddi bir reaksiyon g\u00f6sterdi\u011fini, bu ka\u011f\u0131da reaksiyon g\u00f6steren tek heyet oldu\u011funu belirtti\u200f<\/p>\n","protected":false},"author":1,"featured_media":0,"comment_status":"closed","ping_status":"closed","sticky":false,"template":"","format":"standard","meta":{"footnotes":""},"categories":[17991],"tags":[],"class_list":["post-109919","post","type-post","status-publish","format-standard","","category-son-dakika"],"_links":{"self":[{"href":"https:\/\/archive.sana.sy\/tr\/index.php?rest_route=\/wp\/v2\/posts\/109919","targetHints":{"allow":["GET"]}}],"collection":[{"href":"https:\/\/archive.sana.sy\/tr\/index.php?rest_route=\/wp\/v2\/posts"}],"about":[{"href":"https:\/\/archive.sana.sy\/tr\/index.php?rest_route=\/wp\/v2\/types\/post"}],"author":[{"embeddable":true,"href":"https:\/\/archive.sana.sy\/tr\/index.php?rest_route=\/wp\/v2\/users\/1"}],"replies":[{"embeddable":true,"href":"https:\/\/archive.sana.sy\/tr\/index.php?rest_route=%2Fwp%2Fv2%2Fcomments&post=109919"}],"version-history":[{"count":0,"href":"https:\/\/archive.sana.sy\/tr\/index.php?rest_route=\/wp\/v2\/posts\/109919\/revisions"}],"wp:attachment":[{"href":"https:\/\/archive.sana.sy\/tr\/index.php?rest_route=%2Fwp%2Fv2%2Fmedia&parent=109919"}],"wp:term":[{"taxonomy":"category","embeddable":true,"href":"https:\/\/archive.sana.sy\/tr\/index.php?rest_route=%2Fwp%2Fv2%2Fcategories&post=109919"},{"taxonomy":"post_tag","embeddable":true,"href":"https:\/\/archive.sana.sy\/tr\/index.php?rest_route=%2Fwp%2Fv2%2Ftags&post=109919"}],"curies":[{"name":"wp","href":"https:\/\/api.w.org\/{rel}","templated":true}]}}