{"id":109921,"date":"2017-03-31T19:17:55","date_gmt":"2017-03-31T16:17:55","guid":{"rendered":"http:\/\/www.sana.sy\/tr\/?p=109921"},"modified":"2017-03-31T19:17:55","modified_gmt":"2017-03-31T16:17:55","slug":"caferi-oyle-ki-terorle-mucadele-meselesinin-kacilmis-ve-kayip-vatandaslarin-meselesini-de-kapsadigini-belirtirken-buna-ragmen-diger-heyetlerin-bu-kagida-hicbir-reaksiyon-ya-da-ilgi-gostermediklerini","status":"publish","type":"post","link":"https:\/\/archive.sana.sy\/tr\/?p=109921","title":{"rendered":"Caferi \u00f6yle ki ter\u00f6rle m\u00fccadele meselesinin ka\u00e7\u0131lm\u0131\u015f ve kay\u0131p vatanda\u015flar\u0131n meselesini de kapsad\u0131\u011f\u0131n\u0131 belirtirken, buna ra\u011fmen di\u011fer heyetlerin bu ka\u011f\u0131da hi\u00e7bir reaksiyon ya da ilgi g\u00f6stermediklerini vurgulad\u0131"},"content":{"rendered":"<p>Caferi \u00f6yle ki ter\u00f6rle m\u00fccadele meselesinin ka\u00e7\u0131lm\u0131\u015f ve kay\u0131p vatanda\u015flar\u0131n meselesini de kapsad\u0131\u011f\u0131n\u0131 belirtirken, buna ra\u011fmen di\u011fer heyetlerin bu ka\u011f\u0131da hi\u00e7bir reaksiyon ya da ilgi g\u00f6stermediklerini vurgulad\u0131<\/p>\n","protected":false},"excerpt":{"rendered":"<p>Caferi \u00f6yle ki ter\u00f6rle m\u00fccadele meselesinin ka\u00e7\u0131lm\u0131\u015f ve kay\u0131p vatanda\u015flar\u0131n meselesini de kapsad\u0131\u011f\u0131n\u0131 belirtirken, buna ra\u011fmen di\u011fer heyetlerin bu ka\u011f\u0131da hi\u00e7bir reaksiyon ya da ilgi g\u00f6stermediklerini vurgulad\u0131<\/p>\n","protected":false},"author":1,"featured_media":0,"comment_status":"closed","ping_status":"closed","sticky":false,"template":"","format":"standard","meta":{"footnotes":""},"categories":[17991],"tags":[],"class_list":["post-109921","post","type-post","status-publish","format-standard","","category-son-dakika"],"_links":{"self":[{"href":"https:\/\/archive.sana.sy\/tr\/index.php?rest_route=\/wp\/v2\/posts\/109921","targetHints":{"allow":["GET"]}}],"collection":[{"href":"https:\/\/archive.sana.sy\/tr\/index.php?rest_route=\/wp\/v2\/posts"}],"about":[{"href":"https:\/\/archive.sana.sy\/tr\/index.php?rest_route=\/wp\/v2\/types\/post"}],"author":[{"embeddable":true,"href":"https:\/\/archive.sana.sy\/tr\/index.php?rest_route=\/wp\/v2\/users\/1"}],"replies":[{"embeddable":true,"href":"https:\/\/archive.sana.sy\/tr\/index.php?rest_route=%2Fwp%2Fv2%2Fcomments&post=109921"}],"version-history":[{"count":0,"href":"https:\/\/archive.sana.sy\/tr\/index.php?rest_route=\/wp\/v2\/posts\/109921\/revisions"}],"wp:attachment":[{"href":"https:\/\/archive.sana.sy\/tr\/index.php?rest_route=%2Fwp%2Fv2%2Fmedia&parent=109921"}],"wp:term":[{"taxonomy":"category","embeddable":true,"href":"https:\/\/archive.sana.sy\/tr\/index.php?rest_route=%2Fwp%2Fv2%2Fcategories&post=109921"},{"taxonomy":"post_tag","embeddable":true,"href":"https:\/\/archive.sana.sy\/tr\/index.php?rest_route=%2Fwp%2Fv2%2Ftags&post=109921"}],"curies":[{"name":"wp","href":"https:\/\/api.w.org\/{rel}","templated":true}]}}