{"id":110046,"date":"2017-04-02T09:30:48","date_gmt":"2017-04-02T06:30:48","guid":{"rendered":"http:\/\/www.sana.sy\/tr\/?p=110046"},"modified":"2017-04-03T19:22:15","modified_gmt":"2017-04-03T16:22:15","slug":"aylik-alisveris-fuari-110-sirketin-katilimiyla-basladi","status":"publish","type":"post","link":"https:\/\/archive.sana.sy\/tr\/?p=110046","title":{"rendered":"Ayl\u0131k Al\u0131\u015fveri\u015f Fuar\u0131 110 \u015eirketin Kat\u0131l\u0131m\u0131yla Ba\u015flad\u0131"},"content":{"rendered":"<p>LAZK\u0130YE \u2013 \u015eam ve \u00c7evre Kent\u00a0Sanayi Odas\u0131n\u0131n \u201cSuriye&#8217;de Sanayi\u201d ba\u015fl\u0131\u011f\u0131 alt\u0131nda d\u00fczenledi\u011fi Ayl\u0131k Al\u0131\u015fveri\u015f Fuar\u0131 35. D\u00f6nemi faaliyetleri 110 \u015firketin kat\u0131l\u0131m\u0131yla ba\u015flad\u0131.<\/p>\n<p>Lazkiye Kentinde Alma Otelinde d\u00fczenlenen fuarda; Giyim, g\u0131da, temizlik \u00fcr\u00fcnleri ve hayat\u0131n her alan\u0131nda ihtiyac\u0131 kar\u015f\u0131layacak zengin stantlarda %50\u2019ye varan indirimler ve kat\u0131l\u0131mc\u0131 \u015firketlerin m\u00fc\u015fterilerine sundu\u011fu hediyelerle bir festival tablosu olu\u015fturdu.<\/p>\n<p><a href=\"http:\/\/www.sana.sy\/tr\/wp-content\/uploads\/2017\/04\/2-4.jpg\"><img loading=\"lazy\" decoding=\"async\" class=\"alignright wp-image-110049 size-medium\" src=\"http:\/\/www.sana.sy\/tr\/wp-content\/uploads\/2017\/04\/2-4-300x199.jpg\" alt=\"\" width=\"300\" height=\"199\" srcset=\"https:\/\/archive.sana.sy\/tr\/wp-content\/uploads\/2017\/04\/2-4-300x199.jpg 300w, https:\/\/archive.sana.sy\/tr\/wp-content\/uploads\/2017\/04\/2-4-150x99.jpg 150w, https:\/\/archive.sana.sy\/tr\/wp-content\/uploads\/2017\/04\/2-4-310x205.jpg 310w, https:\/\/archive.sana.sy\/tr\/wp-content\/uploads\/2017\/04\/2-4.jpg 660w\" sizes=\"auto, (max-width: 300px) 100vw, 300px\" \/><\/a>B\u00fcy\u00fck bir ilgiyle kar\u015f\u0131lanan fuar 8 Nisan tarihine kadar ziyaret\u00e7ilerini a\u011f\u0131rlamaya devam ediyor.<\/p>\n<p>Lazkiye Valisi \u0130brahim H\u0131d\u0131r el Salim ve Baas Partisi Lazkiye \u015eubesi Sekreteri Muhammed \u015ereytih fuar\u0131 ziyaret ederek vatanda\u015flara sunulan \u00fcr\u00fcnleri, fiyatlar\u0131 ve yap\u0131lan indirimleri incelediler.<\/p>\n<p>SANA\u2019ya bir a\u00e7\u0131klama yapan Vali Salim; \u00fclkeye dayat\u0131lan sava\u015f ve yapt\u0131r\u0131mlara ra\u011fmen fuar\u0131n d\u00fczenli olarak devam etmesinin sanayicilerin \u00fcretimi s\u00fcrd\u00fcrme \u0131srar\u0131 ve kararl\u0131l\u0131\u011f\u0131n\u0131 yans\u0131tt\u0131\u011f\u0131n\u0131 ifade ederek ayr\u0131ca kat\u0131l\u0131mc\u0131 \u015firketlerin her d\u00f6nem \u00f6ncekine g\u00f6re art\u0131\u015f g\u00f6stermesinin sanayi sekt\u00f6r\u00fcn\u00fcn g\u00fcnden g\u00fcne iyile\u015fti\u011finin bir kan\u0131t\u0131 oldu\u011funu belirtti.<\/p>\n<p>Daha \u00f6nce Lazkiye Ulusal M\u00fczesinde d\u00fczenlenmesi planlanan fuar\u0131n kat\u0131l\u0131m\u0131n artmas\u0131yla daha geni\u015f bir mekan olan Alma Oteline ta\u015f\u0131nmas\u0131n\u0131n \u00f6nemine i\u015faret eden Salim; Fuar\u0131n sanayicilere \u00fcr\u00fcnlerini tan\u0131tma ve pazarlama f\u0131rsat\u0131n\u0131n yan\u0131 s\u0131ra \u00fcr\u00fcnleriyle ilgili t\u00fcketicinin ele\u015ftiri ve \u00f6nerilerini direk alarak \u00fcretim kalitesini y\u00fckseltme f\u0131rsat\u0131 da sundu\u011funu ekledi.<\/p>\n","protected":false},"excerpt":{"rendered":"<p>LAZK\u0130YE \u2013 \u015eam ve \u00c7evre Kent\u00a0Sanayi Odas\u0131n\u0131n \u201cSuriye&#8217;de Sanayi\u201d ba\u015fl\u0131\u011f\u0131 alt\u0131nda d\u00fczenledi\u011fi Ayl\u0131k Al\u0131\u015fveri\u015f Fuar\u0131 35. D\u00f6nemi faaliyetleri 110 \u015firketin kat\u0131l\u0131m\u0131yla ba\u015flad\u0131. Lazkiye Kentinde Alma Otelinde d\u00fczenlenen fuarda; Giyim, g\u0131da, temizlik \u00fcr\u00fcnleri ve hayat\u0131n her alan\u0131nda ihtiyac\u0131 kar\u015f\u0131layacak zengin stantlarda %50\u2019ye varan indirimler ve kat\u0131l\u0131mc\u0131 \u015firketlerin m\u00fc\u015fterilerine sundu\u011fu hediyelerle bir festival tablosu olu\u015fturdu. B\u00fcy\u00fck bir &hellip;<\/p>\n","protected":false},"author":1,"featured_media":110048,"comment_status":"closed","ping_status":"closed","sticky":false,"template":"","format":"standard","meta":{"footnotes":""},"categories":[485,486,17988],"tags":[],"class_list":["post-110046","post","type-post","status-publish","format-standard","has-post-thumbnail","","category-is-ve-sermaye","category-haberler-is-ve-sermaye","category-son-haberler"],"_links":{"self":[{"href":"https:\/\/archive.sana.sy\/tr\/index.php?rest_route=\/wp\/v2\/posts\/110046","targetHints":{"allow":["GET"]}}],"collection":[{"href":"https:\/\/archive.sana.sy\/tr\/index.php?rest_route=\/wp\/v2\/posts"}],"about":[{"href":"https:\/\/archive.sana.sy\/tr\/index.php?rest_route=\/wp\/v2\/types\/post"}],"author":[{"embeddable":true,"href":"https:\/\/archive.sana.sy\/tr\/index.php?rest_route=\/wp\/v2\/users\/1"}],"replies":[{"embeddable":true,"href":"https:\/\/archive.sana.sy\/tr\/index.php?rest_route=%2Fwp%2Fv2%2Fcomments&post=110046"}],"version-history":[{"count":0,"href":"https:\/\/archive.sana.sy\/tr\/index.php?rest_route=\/wp\/v2\/posts\/110046\/revisions"}],"wp:featuredmedia":[{"embeddable":true,"href":"https:\/\/archive.sana.sy\/tr\/index.php?rest_route=\/wp\/v2\/media\/110048"}],"wp:attachment":[{"href":"https:\/\/archive.sana.sy\/tr\/index.php?rest_route=%2Fwp%2Fv2%2Fmedia&parent=110046"}],"wp:term":[{"taxonomy":"category","embeddable":true,"href":"https:\/\/archive.sana.sy\/tr\/index.php?rest_route=%2Fwp%2Fv2%2Fcategories&post=110046"},{"taxonomy":"post_tag","embeddable":true,"href":"https:\/\/archive.sana.sy\/tr\/index.php?rest_route=%2Fwp%2Fv2%2Ftags&post=110046"}],"curies":[{"name":"wp","href":"https:\/\/api.w.org\/{rel}","templated":true}]}}