{"id":110047,"date":"2017-04-02T14:51:11","date_gmt":"2017-04-02T11:51:11","guid":{"rendered":"http:\/\/www.sana.sy\/tr\/?p=110047"},"modified":"2017-04-03T15:46:24","modified_gmt":"2017-04-03T12:46:24","slug":"homsta-silahlariyla-teslim-olan-147-kisi-af-kararindan-faydalandi","status":"publish","type":"post","link":"https:\/\/archive.sana.sy\/tr\/?p=110047","title":{"rendered":"Homs\u2019ta Silahlar\u0131yla Teslim Olan 147 Ki\u015fi Af Karar\u0131ndan Faydaland\u0131"},"content":{"rendered":"<p>HOMS \u2013 Homs Kenti ve il k\u0131rsal\u0131n\u0131n kuzeyinden 147 kanun ka\u00e7a\u011f\u0131n\u0131n bug\u00fcn kanuni durumlar\u0131 2016\/15 say\u0131l\u0131 af karar\u0131 kapsam\u0131nda yeniden d\u00fczenlenip normal ya\u015famlar\u0131na d\u00f6nd\u00fcler.<\/p>\n<p><a href=\"http:\/\/www.sana.sy\/tr\/wp-content\/uploads\/2017\/04\/Homs-4.jpg\"><img loading=\"lazy\" decoding=\"async\" class=\"alignright wp-image-110162 size-medium\" src=\"http:\/\/www.sana.sy\/tr\/wp-content\/uploads\/2017\/04\/Homs-4-300x199.jpg\" alt=\"\" width=\"300\" height=\"199\" srcset=\"https:\/\/archive.sana.sy\/tr\/wp-content\/uploads\/2017\/04\/Homs-4-300x199.jpg 300w, https:\/\/archive.sana.sy\/tr\/wp-content\/uploads\/2017\/04\/Homs-4-150x100.jpg 150w, https:\/\/archive.sana.sy\/tr\/wp-content\/uploads\/2017\/04\/Homs-4-768x510.jpg 768w, https:\/\/archive.sana.sy\/tr\/wp-content\/uploads\/2017\/04\/Homs-4-1024x680.jpg 1024w, https:\/\/archive.sana.sy\/tr\/wp-content\/uploads\/2017\/04\/Homs-4-310x205.jpg 310w\" sizes=\"auto, (max-width: 300px) 100vw, 300px\" \/><\/a>SANA muhabiri Resten, Telbise ve Husn b\u00f6lgelerinin yan\u0131 s\u0131ra Homs Kentinin muhtelif semtlerinden silahlar\u0131yla teslim olan s\u00f6z konusu kanun ka\u00e7aklar\u0131n\u0131n, ulusal g\u00fcvenli\u011fi sabote edecek herhangi bir eyleme kat\u0131lmama taahh\u00fcd\u00fc imzalad\u0131klar\u0131n\u0131 aktard\u0131.<\/p>\n<p>2016\/15 say\u0131l\u0131 af karar\u0131; herhangi bir nedenden dolay\u0131 silah ta\u015f\u0131yan ya da kanun ka\u00e7a\u011f\u0131 olanlar\u0131n g\u00fcvenlik birimlerine ya da herhangi bir adli kuruma teslim olmalar\u0131 halinde kanuni cezan\u0131n tamam\u0131ndan muaf tutulmalar\u0131n\u0131 \u00f6n g\u00f6r\u00fcyor.<\/p>\n<p>Bu arada Homs Kentinin bat\u0131s\u0131nda yer alan ve Homs Kentinde silahl\u0131lar\u0131n bulundu\u011fu tek semt olarak kalan Vaer Semtinde silahlar\u0131n\u0131 telsim etmeyi reddeden 836 ter\u00f6rist d\u00fcn bir k\u0131sm\u0131 aileleriyle birlikte olmak \u00fczere 50 otob\u00fcs ile \u0130dlib k\u0131rsal\u0131na tahliye edilmi\u015flerdi.<\/p>\n<div id='gallery-1' class='gallery galleryid-110047 gallery-columns-3 gallery-size-thumbnail'><figure class='gallery-item'>\n\t\t\t<div class='gallery-icon landscape'>\n\t\t\t\t<a href='https:\/\/archive.sana.sy\/tr\/wp-content\/uploads\/2017\/04\/Homs-1.jpg'><img loading=\"lazy\" decoding=\"async\" width=\"150\" height=\"100\" src=\"https:\/\/archive.sana.sy\/tr\/wp-content\/uploads\/2017\/04\/Homs-1-150x100.jpg\" class=\"attachment-thumbnail size-thumbnail\" alt=\"\" srcset=\"https:\/\/archive.sana.sy\/tr\/wp-content\/uploads\/2017\/04\/Homs-1-150x100.jpg 150w, https:\/\/archive.sana.sy\/tr\/wp-content\/uploads\/2017\/04\/Homs-1-300x199.jpg 300w, https:\/\/archive.sana.sy\/tr\/wp-content\/uploads\/2017\/04\/Homs-1-768x510.jpg 768w, https:\/\/archive.sana.sy\/tr\/wp-content\/uploads\/2017\/04\/Homs-1-1024x680.jpg 1024w, https:\/\/archive.sana.sy\/tr\/wp-content\/uploads\/2017\/04\/Homs-1-310x205.jpg 310w\" sizes=\"auto, (max-width: 150px) 100vw, 150px\" \/><\/a>\n\t\t\t<\/div><\/figure><figure class='gallery-item'>\n\t\t\t<div class='gallery-icon landscape'>\n\t\t\t\t<a href='https:\/\/archive.sana.sy\/tr\/wp-content\/uploads\/2017\/04\/Homs-2.jpg'><img loading=\"lazy\" decoding=\"async\" width=\"150\" height=\"100\" src=\"https:\/\/archive.sana.sy\/tr\/wp-content\/uploads\/2017\/04\/Homs-2-150x100.jpg\" class=\"attachment-thumbnail size-thumbnail\" alt=\"\" srcset=\"https:\/\/archive.sana.sy\/tr\/wp-content\/uploads\/2017\/04\/Homs-2-150x100.jpg 150w, https:\/\/archive.sana.sy\/tr\/wp-content\/uploads\/2017\/04\/Homs-2-300x199.jpg 300w, https:\/\/archive.sana.sy\/tr\/wp-content\/uploads\/2017\/04\/Homs-2-768x510.jpg 768w, https:\/\/archive.sana.sy\/tr\/wp-content\/uploads\/2017\/04\/Homs-2-1024x680.jpg 1024w, https:\/\/archive.sana.sy\/tr\/wp-content\/uploads\/2017\/04\/Homs-2-310x205.jpg 310w\" sizes=\"auto, (max-width: 150px) 100vw, 150px\" \/><\/a>\n\t\t\t<\/div><\/figure><figure class='gallery-item'>\n\t\t\t<div class='gallery-icon landscape'>\n\t\t\t\t<a href='https:\/\/archive.sana.sy\/tr\/wp-content\/uploads\/2017\/04\/Homs-3.jpg'><img loading=\"lazy\" decoding=\"async\" width=\"150\" height=\"100\" src=\"https:\/\/archive.sana.sy\/tr\/wp-content\/uploads\/2017\/04\/Homs-3-150x100.jpg\" class=\"attachment-thumbnail size-thumbnail\" alt=\"\" srcset=\"https:\/\/archive.sana.sy\/tr\/wp-content\/uploads\/2017\/04\/Homs-3-150x100.jpg 150w, https:\/\/archive.sana.sy\/tr\/wp-content\/uploads\/2017\/04\/Homs-3-300x199.jpg 300w, https:\/\/archive.sana.sy\/tr\/wp-content\/uploads\/2017\/04\/Homs-3-768x510.jpg 768w, https:\/\/archive.sana.sy\/tr\/wp-content\/uploads\/2017\/04\/Homs-3-1024x680.jpg 1024w, https:\/\/archive.sana.sy\/tr\/wp-content\/uploads\/2017\/04\/Homs-3-310x205.jpg 310w\" sizes=\"auto, (max-width: 150px) 100vw, 150px\" \/><\/a>\n\t\t\t<\/div><\/figure>\n\t\t<\/div>\n\n","protected":false},"excerpt":{"rendered":"<p>HOMS \u2013 Homs Kenti ve il k\u0131rsal\u0131n\u0131n kuzeyinden 147 kanun ka\u00e7a\u011f\u0131n\u0131n bug\u00fcn kanuni durumlar\u0131 2016\/15 say\u0131l\u0131 af karar\u0131 kapsam\u0131nda yeniden d\u00fczenlenip normal ya\u015famlar\u0131na d\u00f6nd\u00fcler. SANA muhabiri Resten, Telbise ve Husn b\u00f6lgelerinin yan\u0131 s\u0131ra Homs Kentinin muhtelif semtlerinden silahlar\u0131yla teslim olan s\u00f6z konusu kanun ka\u00e7aklar\u0131n\u0131n, ulusal g\u00fcvenli\u011fi sabote edecek herhangi bir eyleme kat\u0131lmama taahh\u00fcd\u00fc imzalad\u0131klar\u0131n\u0131 aktard\u0131. &hellip;<\/p>\n","protected":false},"author":1,"featured_media":110161,"comment_status":"closed","ping_status":"closed","sticky":false,"template":"","format":"standard","meta":{"footnotes":""},"categories":[479,575,17988,478],"tags":[18363,16865,18156,3436,22696,18674,19034,2283,11019],"class_list":["post-110047","post","type-post","status-publish","format-standard","has-post-thumbnail","","category-haberler-yerel","category-olaylar-ve-gercekler","category-son-haberler","category-yerel","tag-af-karari","tag-homs-kenti","tag-kanun-kacaklari","tag-resten","tag-silahlariyla-teslim-oldular","tag-silahli-muhalifler","tag-suriyeli-muhalifler","tag-telbise","tag-teslim-olanlar"],"_links":{"self":[{"href":"https:\/\/archive.sana.sy\/tr\/index.php?rest_route=\/wp\/v2\/posts\/110047","targetHints":{"allow":["GET"]}}],"collection":[{"href":"https:\/\/archive.sana.sy\/tr\/index.php?rest_route=\/wp\/v2\/posts"}],"about":[{"href":"https:\/\/archive.sana.sy\/tr\/index.php?rest_route=\/wp\/v2\/types\/post"}],"author":[{"embeddable":true,"href":"https:\/\/archive.sana.sy\/tr\/index.php?rest_route=\/wp\/v2\/users\/1"}],"replies":[{"embeddable":true,"href":"https:\/\/archive.sana.sy\/tr\/index.php?rest_route=%2Fwp%2Fv2%2Fcomments&post=110047"}],"version-history":[{"count":0,"href":"https:\/\/archive.sana.sy\/tr\/index.php?rest_route=\/wp\/v2\/posts\/110047\/revisions"}],"wp:featuredmedia":[{"embeddable":true,"href":"https:\/\/archive.sana.sy\/tr\/index.php?rest_route=\/wp\/v2\/media\/110161"}],"wp:attachment":[{"href":"https:\/\/archive.sana.sy\/tr\/index.php?rest_route=%2Fwp%2Fv2%2Fmedia&parent=110047"}],"wp:term":[{"taxonomy":"category","embeddable":true,"href":"https:\/\/archive.sana.sy\/tr\/index.php?rest_route=%2Fwp%2Fv2%2Fcategories&post=110047"},{"taxonomy":"post_tag","embeddable":true,"href":"https:\/\/archive.sana.sy\/tr\/index.php?rest_route=%2Fwp%2Fv2%2Ftags&post=110047"}],"curies":[{"name":"wp","href":"https:\/\/api.w.org\/{rel}","templated":true}]}}