{"id":110065,"date":"2017-04-02T11:00:54","date_gmt":"2017-04-02T08:00:54","guid":{"rendered":"http:\/\/www.sana.sy\/tr\/?p=110065"},"modified":"2017-04-03T19:22:08","modified_gmt":"2017-04-03T16:22:08","slug":"urdun-tunustan-sonra-en-buyuk-beseri-kaynak-sayiliyor","status":"publish","type":"post","link":"https:\/\/archive.sana.sy\/tr\/?p=110065","title":{"rendered":"\u00dcrd\u00fcn, Tunus\u2019tan Sonra En B\u00fcy\u00fck Be\u015feri Kaynak Say\u0131l\u0131yor"},"content":{"rendered":"<p>AMMAN &#8211; ABD Kongresinde Ara\u015ft\u0131rmalar Dairesinin haz\u0131rlad\u0131\u011f\u0131 bir raporda; 2011 y\u0131l\u0131ndan bu yana Suriye ve Irak\u2019ta radikal ter\u00f6r \u00f6rg\u00fct\u00fc I\u015e\u0130D\u2019e kat\u0131lan \u00dcrd\u00fcnl\u00fclerin say\u0131s\u0131n\u0131n 4 bini a\u015ft\u0131\u011f\u0131n\u0131 ortaya \u00e7\u0131kard\u0131.<\/p>\n<p>\u00dcrd\u00fcnl\u00fc el Gad Gazetesi s\u00f6z konusu rapordan yay\u0131nlad\u0131\u011f\u0131 al\u0131nt\u0131larda; \u00dcrd\u00fcn\u2019\u00fcn, Tunus\u2019tan sonra I\u015e\u0130D\u2019e be\u015feri kaynak temin eden ikinci \u00fclke oldu\u011funa dikkat \u00e7ekti. Raporda I\u015e\u0130D\u2019in radikal ter\u00f6ristleri saflar\u0131nda \u00f6rg\u00fctlemede sadece \u00dcrd\u00fcn\u2019\u00fcn g\u00fcneyinde yer alan Mean B\u00f6lgesine dayanmad\u0131\u011f\u0131n\u0131, ayn\u0131 zamanda kuzeyde yer alan Erbid ve Salt b\u00f6lgelerine de kayd\u0131\u011f\u0131na i\u015faret edildi.<\/p>\n<p>Muhtelif medya raporlar\u0131 ve istihbarat bilgileri; \u00dcrd\u00fcn otoritelerinin Suriye&#8217;de olaylar\u0131n ba\u015flad\u0131\u011f\u0131 ilk anlardan beri muhtelif isimler alt\u0131ndaki ter\u00f6r \u00f6rg\u00fctlere muhtelif t\u00fcr destek temin etti\u011fine dikkat \u00e7ekerken, Suudi Arabistan\u2019\u0131n finans\u0131 ve yabanc\u0131 devletlerin askeri ve istihbarat deste\u011fi ile \u00dcrd\u00fcn topraklar\u0131 \u00fczerinde ter\u00f6r e\u011fitim kamplar\u0131 kurdu\u011funu ortaya koydu.<\/p>\n","protected":false},"excerpt":{"rendered":"<p>AMMAN &#8211; ABD Kongresinde Ara\u015ft\u0131rmalar Dairesinin haz\u0131rlad\u0131\u011f\u0131 bir raporda; 2011 y\u0131l\u0131ndan bu yana Suriye ve Irak\u2019ta radikal ter\u00f6r \u00f6rg\u00fct\u00fc I\u015e\u0130D\u2019e kat\u0131lan \u00dcrd\u00fcnl\u00fclerin say\u0131s\u0131n\u0131n 4 bini a\u015ft\u0131\u011f\u0131n\u0131 ortaya \u00e7\u0131kard\u0131. \u00dcrd\u00fcnl\u00fc el Gad Gazetesi s\u00f6z konusu rapordan yay\u0131nlad\u0131\u011f\u0131 al\u0131nt\u0131larda; \u00dcrd\u00fcn\u2019\u00fcn, Tunus\u2019tan sonra I\u015e\u0130D\u2019e be\u015feri kaynak temin eden ikinci \u00fclke oldu\u011funa dikkat \u00e7ekti. Raporda I\u015e\u0130D\u2019in radikal ter\u00f6ristleri saflar\u0131nda &hellip;<\/p>\n","protected":false},"author":1,"featured_media":110068,"comment_status":"closed","ping_status":"closed","sticky":false,"template":"","format":"standard","meta":{"footnotes":""},"categories":[458,459,17988],"tags":[],"class_list":["post-110065","post","type-post","status-publish","format-standard","has-post-thumbnail","","category-dunya1","category-haberler-arap-uluslararasi-politika","category-son-haberler"],"_links":{"self":[{"href":"https:\/\/archive.sana.sy\/tr\/index.php?rest_route=\/wp\/v2\/posts\/110065","targetHints":{"allow":["GET"]}}],"collection":[{"href":"https:\/\/archive.sana.sy\/tr\/index.php?rest_route=\/wp\/v2\/posts"}],"about":[{"href":"https:\/\/archive.sana.sy\/tr\/index.php?rest_route=\/wp\/v2\/types\/post"}],"author":[{"embeddable":true,"href":"https:\/\/archive.sana.sy\/tr\/index.php?rest_route=\/wp\/v2\/users\/1"}],"replies":[{"embeddable":true,"href":"https:\/\/archive.sana.sy\/tr\/index.php?rest_route=%2Fwp%2Fv2%2Fcomments&post=110065"}],"version-history":[{"count":0,"href":"https:\/\/archive.sana.sy\/tr\/index.php?rest_route=\/wp\/v2\/posts\/110065\/revisions"}],"wp:featuredmedia":[{"embeddable":true,"href":"https:\/\/archive.sana.sy\/tr\/index.php?rest_route=\/wp\/v2\/media\/110068"}],"wp:attachment":[{"href":"https:\/\/archive.sana.sy\/tr\/index.php?rest_route=%2Fwp%2Fv2%2Fmedia&parent=110065"}],"wp:term":[{"taxonomy":"category","embeddable":true,"href":"https:\/\/archive.sana.sy\/tr\/index.php?rest_route=%2Fwp%2Fv2%2Fcategories&post=110065"},{"taxonomy":"post_tag","embeddable":true,"href":"https:\/\/archive.sana.sy\/tr\/index.php?rest_route=%2Fwp%2Fv2%2Ftags&post=110065"}],"curies":[{"name":"wp","href":"https:\/\/api.w.org\/{rel}","templated":true}]}}