{"id":110078,"date":"2017-04-02T11:24:35","date_gmt":"2017-04-02T08:24:35","guid":{"rendered":"http:\/\/www.sana.sy\/tr\/?p=110078"},"modified":"2017-04-02T15:24:58","modified_gmt":"2017-04-02T12:24:58","slug":"ordu-birliklerimizin-dera-kirsalinin-kuzeyi-tiyha-beldesinin-yani-sira-ibta-beldesinin-dogusundaki-mezralarda-teroristlerin-karargahlari-siperleri-ve-toplanma-yerlerini-top-atesine-tuttuklarini-aktar","status":"publish","type":"post","link":"https:\/\/archive.sana.sy\/tr\/?p=110078","title":{"rendered":"Ordu birliklerimizin Dera k\u0131rsal\u0131n\u0131n kuzeyi T\u0131yha Beldesinin yan\u0131 s\u0131ra Ibta Beldesinin do\u011fusundaki mezralarda ter\u00f6ristlerin karargahlar\u0131, siperleri ve toplanma yerlerini top ate\u015fine tuttuklar\u0131n\u0131 aktaran kaynak, bir tank ve iki a\u011f\u0131r makineli silahla birlikte \u00e7ok say\u0131da ter\u00f6ristin etkisiz hale getirildiklerini s\u00f6zlerine ekledi"},"content":{"rendered":"<p>Ordu birliklerimizin Dera k\u0131rsal\u0131n\u0131n kuzeyi T\u0131yha Beldesinin yan\u0131 s\u0131ra Ibta Beldesinin do\u011fusundaki mezralarda ter\u00f6ristlerin karargahlar\u0131, siperleri ve toplanma yerlerini top ate\u015fine tuttuklar\u0131n\u0131 aktaran kaynak, bir tank ve iki a\u011f\u0131r makineli silahla birlikte \u00e7ok say\u0131da ter\u00f6ristin etkisiz hale getirildiklerini s\u00f6zlerine ekledi<\/p>\n","protected":false},"excerpt":{"rendered":"<p>Ordu birliklerimizin Dera k\u0131rsal\u0131n\u0131n kuzeyi T\u0131yha Beldesinin yan\u0131 s\u0131ra Ibta Beldesinin do\u011fusundaki mezralarda ter\u00f6ristlerin karargahlar\u0131, siperleri ve toplanma yerlerini top ate\u015fine tuttuklar\u0131n\u0131 aktaran kaynak, bir tank ve iki a\u011f\u0131r makineli silahla birlikte \u00e7ok say\u0131da ter\u00f6ristin etkisiz hale getirildiklerini s\u00f6zlerine ekledi<\/p>\n","protected":false},"author":1,"featured_media":0,"comment_status":"closed","ping_status":"closed","sticky":false,"template":"","format":"standard","meta":{"footnotes":""},"categories":[17991],"tags":[],"class_list":["post-110078","post","type-post","status-publish","format-standard","","category-son-dakika"],"_links":{"self":[{"href":"https:\/\/archive.sana.sy\/tr\/index.php?rest_route=\/wp\/v2\/posts\/110078","targetHints":{"allow":["GET"]}}],"collection":[{"href":"https:\/\/archive.sana.sy\/tr\/index.php?rest_route=\/wp\/v2\/posts"}],"about":[{"href":"https:\/\/archive.sana.sy\/tr\/index.php?rest_route=\/wp\/v2\/types\/post"}],"author":[{"embeddable":true,"href":"https:\/\/archive.sana.sy\/tr\/index.php?rest_route=\/wp\/v2\/users\/1"}],"replies":[{"embeddable":true,"href":"https:\/\/archive.sana.sy\/tr\/index.php?rest_route=%2Fwp%2Fv2%2Fcomments&post=110078"}],"version-history":[{"count":0,"href":"https:\/\/archive.sana.sy\/tr\/index.php?rest_route=\/wp\/v2\/posts\/110078\/revisions"}],"wp:attachment":[{"href":"https:\/\/archive.sana.sy\/tr\/index.php?rest_route=%2Fwp%2Fv2%2Fmedia&parent=110078"}],"wp:term":[{"taxonomy":"category","embeddable":true,"href":"https:\/\/archive.sana.sy\/tr\/index.php?rest_route=%2Fwp%2Fv2%2Fcategories&post=110078"},{"taxonomy":"post_tag","embeddable":true,"href":"https:\/\/archive.sana.sy\/tr\/index.php?rest_route=%2Fwp%2Fv2%2Ftags&post=110078"}],"curies":[{"name":"wp","href":"https:\/\/api.w.org\/{rel}","templated":true}]}}