{"id":110079,"date":"2017-04-02T11:28:43","date_gmt":"2017-04-02T08:28:43","guid":{"rendered":"http:\/\/www.sana.sy\/tr\/?p=110079"},"modified":"2017-04-02T15:25:18","modified_gmt":"2017-04-02T12:25:18","slug":"kaynak-ordu-birliklerimizin-dera-beled-ve-kerk-bolgelerinde-de-teroristlerin-mevki-ve-hareketlenmelerini-atese-tutarak-onlari-sayi-ve-ekipmanlariyla-kayiplara-ugrattiklarini-kaydetti","status":"publish","type":"post","link":"https:\/\/archive.sana.sy\/tr\/?p=110079","title":{"rendered":"Kaynak ordu birliklerimizin Dera Beled ve Kerk b\u00f6lgelerinde de ter\u00f6ristlerin mevki ve hareketlenmelerini ate\u015fe tutarak onlar\u0131 say\u0131 ve ekipmanlar\u0131yla kay\u0131plara u\u011fratt\u0131klar\u0131n\u0131 kaydetti"},"content":{"rendered":"<p>Kaynak ordu birliklerimizin Dera Beled ve Kerk b\u00f6lgelerinde de ter\u00f6ristlerin mevki ve hareketlenmelerini ate\u015fe tutarak onlar\u0131 say\u0131 ve ekipmanlar\u0131yla kay\u0131plara u\u011fratt\u0131klar\u0131n\u0131 kaydetti<\/p>\n","protected":false},"excerpt":{"rendered":"<p>Kaynak ordu birliklerimizin Dera Beled ve Kerk b\u00f6lgelerinde de ter\u00f6ristlerin mevki ve hareketlenmelerini ate\u015fe tutarak onlar\u0131 say\u0131 ve ekipmanlar\u0131yla kay\u0131plara u\u011fratt\u0131klar\u0131n\u0131 kaydetti<\/p>\n","protected":false},"author":1,"featured_media":0,"comment_status":"closed","ping_status":"closed","sticky":false,"template":"","format":"standard","meta":{"footnotes":""},"categories":[17991],"tags":[],"class_list":["post-110079","post","type-post","status-publish","format-standard","","category-son-dakika"],"_links":{"self":[{"href":"https:\/\/archive.sana.sy\/tr\/index.php?rest_route=\/wp\/v2\/posts\/110079","targetHints":{"allow":["GET"]}}],"collection":[{"href":"https:\/\/archive.sana.sy\/tr\/index.php?rest_route=\/wp\/v2\/posts"}],"about":[{"href":"https:\/\/archive.sana.sy\/tr\/index.php?rest_route=\/wp\/v2\/types\/post"}],"author":[{"embeddable":true,"href":"https:\/\/archive.sana.sy\/tr\/index.php?rest_route=\/wp\/v2\/users\/1"}],"replies":[{"embeddable":true,"href":"https:\/\/archive.sana.sy\/tr\/index.php?rest_route=%2Fwp%2Fv2%2Fcomments&post=110079"}],"version-history":[{"count":0,"href":"https:\/\/archive.sana.sy\/tr\/index.php?rest_route=\/wp\/v2\/posts\/110079\/revisions"}],"wp:attachment":[{"href":"https:\/\/archive.sana.sy\/tr\/index.php?rest_route=%2Fwp%2Fv2%2Fmedia&parent=110079"}],"wp:term":[{"taxonomy":"category","embeddable":true,"href":"https:\/\/archive.sana.sy\/tr\/index.php?rest_route=%2Fwp%2Fv2%2Fcategories&post=110079"},{"taxonomy":"post_tag","embeddable":true,"href":"https:\/\/archive.sana.sy\/tr\/index.php?rest_route=%2Fwp%2Fv2%2Ftags&post=110079"}],"curies":[{"name":"wp","href":"https:\/\/api.w.org\/{rel}","templated":true}]}}