{"id":110083,"date":"2017-04-02T12:33:28","date_gmt":"2017-04-02T09:33:28","guid":{"rendered":"http:\/\/www.sana.sy\/tr\/?p=110083"},"modified":"2017-04-02T15:29:23","modified_gmt":"2017-04-02T12:29:23","slug":"kaynak-operasyonlarda-iki-makineli-silah-siperi-ve-bir-aracin-teror-ekipleriyle-birlikte-10-teroristin-imha-edildigini-belirtti","status":"publish","type":"post","link":"https:\/\/archive.sana.sy\/tr\/?p=110083","title":{"rendered":"Kaynak operasyonlarda iki makineli silah siperi ve bir arac\u0131n ter\u00f6r ekipleriyle birlikte 10 ter\u00f6ristin imha edildi\u011fini belirtti"},"content":{"rendered":"<p>Kaynak operasyonlarda iki makineli silah siperi ve bir arac\u0131n ter\u00f6r ekipleriyle birlikte 10 ter\u00f6ristin imha edildi\u011fini belirtti<\/p>\n","protected":false},"excerpt":{"rendered":"<p>Kaynak operasyonlarda iki makineli silah siperi ve bir arac\u0131n ter\u00f6r ekipleriyle birlikte 10 ter\u00f6ristin imha edildi\u011fini belirtti<\/p>\n","protected":false},"author":1,"featured_media":0,"comment_status":"closed","ping_status":"closed","sticky":false,"template":"","format":"standard","meta":{"footnotes":""},"categories":[17991],"tags":[],"class_list":["post-110083","post","type-post","status-publish","format-standard","","category-son-dakika"],"_links":{"self":[{"href":"https:\/\/archive.sana.sy\/tr\/index.php?rest_route=\/wp\/v2\/posts\/110083","targetHints":{"allow":["GET"]}}],"collection":[{"href":"https:\/\/archive.sana.sy\/tr\/index.php?rest_route=\/wp\/v2\/posts"}],"about":[{"href":"https:\/\/archive.sana.sy\/tr\/index.php?rest_route=\/wp\/v2\/types\/post"}],"author":[{"embeddable":true,"href":"https:\/\/archive.sana.sy\/tr\/index.php?rest_route=\/wp\/v2\/users\/1"}],"replies":[{"embeddable":true,"href":"https:\/\/archive.sana.sy\/tr\/index.php?rest_route=%2Fwp%2Fv2%2Fcomments&post=110083"}],"version-history":[{"count":0,"href":"https:\/\/archive.sana.sy\/tr\/index.php?rest_route=\/wp\/v2\/posts\/110083\/revisions"}],"wp:attachment":[{"href":"https:\/\/archive.sana.sy\/tr\/index.php?rest_route=%2Fwp%2Fv2%2Fmedia&parent=110083"}],"wp:term":[{"taxonomy":"category","embeddable":true,"href":"https:\/\/archive.sana.sy\/tr\/index.php?rest_route=%2Fwp%2Fv2%2Fcategories&post=110083"},{"taxonomy":"post_tag","embeddable":true,"href":"https:\/\/archive.sana.sy\/tr\/index.php?rest_route=%2Fwp%2Fv2%2Ftags&post=110083"}],"curies":[{"name":"wp","href":"https:\/\/api.w.org\/{rel}","templated":true}]}}