{"id":110086,"date":"2017-04-02T12:44:33","date_gmt":"2017-04-02T09:44:33","guid":{"rendered":"http:\/\/www.sana.sy\/tr\/?p=110086"},"modified":"2017-04-02T15:34:44","modified_gmt":"2017-04-02T12:34:44","slug":"askeri-kaynak-ordu-birliklerimizin-homs-kirsalinin-kuzeyi-gacar-emir-ve-kefarnan-eksenlerine-ilaveten-kinniyet-el-asi-koyu-ekseninde-askeri-mevkilere-saldiri-girisiminde-bulunan-nusra-cephesinden-tero","status":"publish","type":"post","link":"https:\/\/archive.sana.sy\/tr\/?p=110086","title":{"rendered":"Askeri kaynak ordu birliklerimizin Homs k\u0131rsal\u0131n\u0131n kuzeyi Gacar Emir ve Kefarnan eksenlerine ilaveten K\u0131nniyet el Asi K\u00f6y\u00fc ekseninde askeri mevkilere sald\u0131r\u0131 giri\u015fiminde bulunan Nusra Cephesinden ter\u00f6ristlerle \u015fiddetli \u00e7at\u0131\u015fmalara girdiklerini belirtti."},"content":{"rendered":"<p>Askeri kaynak ordu birliklerimizin Homs k\u0131rsal\u0131n\u0131n kuzeyi Gacar Emir ve Kefarnan eksenlerine ilaveten K\u0131nniyet el Asi K\u00f6y\u00fc ekseninde askeri mevkilere sald\u0131r\u0131 giri\u015fiminde bulunan Nusra Cephesinden ter\u00f6ristlerle \u015fiddetli \u00e7at\u0131\u015fmalara girdiklerini belirtti.<\/p>\n","protected":false},"excerpt":{"rendered":"<p>Askeri kaynak ordu birliklerimizin Homs k\u0131rsal\u0131n\u0131n kuzeyi Gacar Emir ve Kefarnan eksenlerine ilaveten K\u0131nniyet el Asi K\u00f6y\u00fc ekseninde askeri mevkilere sald\u0131r\u0131 giri\u015fiminde bulunan Nusra Cephesinden ter\u00f6ristlerle \u015fiddetli \u00e7at\u0131\u015fmalara girdiklerini belirtti.<\/p>\n","protected":false},"author":1,"featured_media":0,"comment_status":"closed","ping_status":"closed","sticky":false,"template":"","format":"standard","meta":{"footnotes":""},"categories":[17991],"tags":[],"class_list":["post-110086","post","type-post","status-publish","format-standard","","category-son-dakika"],"_links":{"self":[{"href":"https:\/\/archive.sana.sy\/tr\/index.php?rest_route=\/wp\/v2\/posts\/110086","targetHints":{"allow":["GET"]}}],"collection":[{"href":"https:\/\/archive.sana.sy\/tr\/index.php?rest_route=\/wp\/v2\/posts"}],"about":[{"href":"https:\/\/archive.sana.sy\/tr\/index.php?rest_route=\/wp\/v2\/types\/post"}],"author":[{"embeddable":true,"href":"https:\/\/archive.sana.sy\/tr\/index.php?rest_route=\/wp\/v2\/users\/1"}],"replies":[{"embeddable":true,"href":"https:\/\/archive.sana.sy\/tr\/index.php?rest_route=%2Fwp%2Fv2%2Fcomments&post=110086"}],"version-history":[{"count":0,"href":"https:\/\/archive.sana.sy\/tr\/index.php?rest_route=\/wp\/v2\/posts\/110086\/revisions"}],"wp:attachment":[{"href":"https:\/\/archive.sana.sy\/tr\/index.php?rest_route=%2Fwp%2Fv2%2Fmedia&parent=110086"}],"wp:term":[{"taxonomy":"category","embeddable":true,"href":"https:\/\/archive.sana.sy\/tr\/index.php?rest_route=%2Fwp%2Fv2%2Fcategories&post=110086"},{"taxonomy":"post_tag","embeddable":true,"href":"https:\/\/archive.sana.sy\/tr\/index.php?rest_route=%2Fwp%2Fv2%2Ftags&post=110086"}],"curies":[{"name":"wp","href":"https:\/\/api.w.org\/{rel}","templated":true}]}}