{"id":110095,"date":"2017-04-02T15:57:25","date_gmt":"2017-04-02T12:57:25","guid":{"rendered":"http:\/\/www.sana.sy\/tr\/?p=110095"},"modified":"2017-04-03T19:23:32","modified_gmt":"2017-04-03T16:23:32","slug":"gundem-gida-guvenligi-ve-ulusal-ekonomiye-katki-saglayacak-bir-tarim-stratejisi-belirlemek","status":"publish","type":"post","link":"https:\/\/archive.sana.sy\/tr\/?p=110095","title":{"rendered":"G\u00fcndem G\u0131da G\u00fcvenli\u011fi ve Ulusal Ekonomiye Katk\u0131 Sa\u011flayacak Bir Tar\u0131m Stratejisi Belirlemek"},"content":{"rendered":"<p>\u015eAM \u2013 Bakanlar Konseyinde Ekonomi Politikalar\u0131 Belirleme Komitesi bug\u00fcn Ba\u015fbakan \u0130mad Hamis ba\u015fkanl\u0131\u011f\u0131nda d\u00fczenledi\u011fi toplant\u0131da; Tar\u0131m Bakanl\u0131\u011f\u0131n\u0131n, h\u00fck\u00fcmet beyan\u0131nda tar\u0131m sekt\u00f6r\u00fcne ili\u015fkin yer alan planlar\u0131n hayata ge\u00e7irilmesi \u00e7al\u0131\u015fmalar\u0131n\u0131 masaya yat\u0131rd\u0131.<\/p>\n<p>Toplant\u0131da mevcut ko\u015fullar i\u00e7inde hayata ge\u00e7irilmesi m\u00fcmk\u00fcn olup tar\u0131m sekt\u00f6r\u00fcne dengeli ve s\u00fcrd\u00fcr\u00fclebilir bir destek temin edecek, bu sekt\u00f6r\u00fc de muhtelif alanlarda kalk\u0131nd\u0131racak bir strateji belirleme \u00f6neminin alt\u0131 \u00e7izildi.<\/p>\n<p>Ba\u015fbakan Hamis; Suriye ve halk\u0131n\u0131n maruz kald\u0131\u011f\u0131 muhtelif y\u00f6nl\u00fc sava\u015f ko\u015fullar\u0131nda tar\u0131m sekt\u00f6r\u00fcn\u00fcn t\u00fcm olanaklar\u0131n\u0131n uygun bir \u015fekilde kullan\u0131lmas\u0131n\u0131 sa\u011flayacak, \u00e7ift\u00e7ilere destek ve te\u015fvik temin edip g\u0131da g\u00fcvenli\u011fi ve ulusal ekonomiye katk\u0131 sa\u011flayacak bir tar\u0131m stratejinin belirlenmesi gerekti\u011fini vurgulad\u0131.<\/p>\n<p>Tar\u0131m Bakan\u0131 Ahmet el Kadiri ise; h\u00fck\u00fcmet beyan\u0131nda tar\u0131m sekt\u00f6r\u00fcyle ilgili gereksinimleri hayata ge\u00e7irecek bir tar\u0131m stratejisi tasla\u011f\u0131 takdim etti.<\/p>\n","protected":false},"excerpt":{"rendered":"<p>\u015eAM \u2013 Bakanlar Konseyinde Ekonomi Politikalar\u0131 Belirleme Komitesi bug\u00fcn Ba\u015fbakan \u0130mad Hamis ba\u015fkanl\u0131\u011f\u0131nda d\u00fczenledi\u011fi toplant\u0131da; Tar\u0131m Bakanl\u0131\u011f\u0131n\u0131n, h\u00fck\u00fcmet beyan\u0131nda tar\u0131m sekt\u00f6r\u00fcne ili\u015fkin yer alan planlar\u0131n hayata ge\u00e7irilmesi \u00e7al\u0131\u015fmalar\u0131n\u0131 masaya yat\u0131rd\u0131. Toplant\u0131da mevcut ko\u015fullar i\u00e7inde hayata ge\u00e7irilmesi m\u00fcmk\u00fcn olup tar\u0131m sekt\u00f6r\u00fcne dengeli ve s\u00fcrd\u00fcr\u00fclebilir bir destek temin edecek, bu sekt\u00f6r\u00fc de muhtelif alanlarda kalk\u0131nd\u0131racak bir strateji &hellip;<\/p>\n","protected":false},"author":1,"featured_media":110118,"comment_status":"closed","ping_status":"closed","sticky":false,"template":"","format":"standard","meta":{"footnotes":""},"categories":[485,479,486,17988,478],"tags":[25961,18703,28759,28758,16591,24421,22468,25959],"class_list":["post-110095","post","type-post","status-publish","format-standard","has-post-thumbnail","","category-is-ve-sermaye","category-haberler-yerel","category-haberler-is-ve-sermaye","category-son-haberler","category-yerel","tag-ahmet-el-kadiri","tag-basbakan","tag-ekonomi-politikalari-belirleme-komitesi","tag-mad-hamis","tag-suriye","tag-suriye-ekonomisi","tag-tarim-bakani","tag-tarim-sektoru"],"_links":{"self":[{"href":"https:\/\/archive.sana.sy\/tr\/index.php?rest_route=\/wp\/v2\/posts\/110095","targetHints":{"allow":["GET"]}}],"collection":[{"href":"https:\/\/archive.sana.sy\/tr\/index.php?rest_route=\/wp\/v2\/posts"}],"about":[{"href":"https:\/\/archive.sana.sy\/tr\/index.php?rest_route=\/wp\/v2\/types\/post"}],"author":[{"embeddable":true,"href":"https:\/\/archive.sana.sy\/tr\/index.php?rest_route=\/wp\/v2\/users\/1"}],"replies":[{"embeddable":true,"href":"https:\/\/archive.sana.sy\/tr\/index.php?rest_route=%2Fwp%2Fv2%2Fcomments&post=110095"}],"version-history":[{"count":0,"href":"https:\/\/archive.sana.sy\/tr\/index.php?rest_route=\/wp\/v2\/posts\/110095\/revisions"}],"wp:featuredmedia":[{"embeddable":true,"href":"https:\/\/archive.sana.sy\/tr\/index.php?rest_route=\/wp\/v2\/media\/110118"}],"wp:attachment":[{"href":"https:\/\/archive.sana.sy\/tr\/index.php?rest_route=%2Fwp%2Fv2%2Fmedia&parent=110095"}],"wp:term":[{"taxonomy":"category","embeddable":true,"href":"https:\/\/archive.sana.sy\/tr\/index.php?rest_route=%2Fwp%2Fv2%2Fcategories&post=110095"},{"taxonomy":"post_tag","embeddable":true,"href":"https:\/\/archive.sana.sy\/tr\/index.php?rest_route=%2Fwp%2Fv2%2Ftags&post=110095"}],"curies":[{"name":"wp","href":"https:\/\/api.w.org\/{rel}","templated":true}]}}