{"id":110129,"date":"2017-04-03T10:00:40","date_gmt":"2017-04-03T07:00:40","guid":{"rendered":"http:\/\/www.sana.sy\/tr\/?p=110129"},"modified":"2017-04-04T15:16:13","modified_gmt":"2017-04-04T12:16:13","slug":"baas-partisi-halep-il-baskanligi-yillik-konferansini-duzenledi","status":"publish","type":"post","link":"https:\/\/archive.sana.sy\/tr\/?p=110129","title":{"rendered":"Baas Partisi Halep \u0130l Ba\u015fkanl\u0131\u011f\u0131 Y\u0131ll\u0131k Konferans\u0131n\u0131 D\u00fczenledi"},"content":{"rendered":"<p>HALEP \u2013 Baas Partisi Halep \u0130l Ba\u015fkanl\u0131\u011f\u0131 d\u00fcn parti genel sekreter yard\u0131mc\u0131s\u0131 Hilal Hilal\u2019in kat\u0131l\u0131m\u0131yla y\u0131ll\u0131k konferans\u0131n\u0131 d\u00fczenledi.<\/p>\n<p>Konferans a\u00e7\u0131l\u0131\u015f\u0131nda konu\u015fan parti genel sekreter yard\u0131mc\u0131s\u0131 Hilal; Halep ve halk\u0131n\u0131n, b\u00f6lge halklar\u0131na d\u00fc\u015fman g\u00fc\u00e7lerin daha \u00f6nceden haz\u0131rlad\u0131klar\u0131 planlara ve bu planlarda edat olarak kullan\u0131lan ter\u00f6re kar\u015f\u0131 zaferlerinin bir kez daha \u00f6nemini vurgulad\u0131.<\/p>\n<p><a href=\"http:\/\/www.sana.sy\/tr\/wp-content\/uploads\/2017\/04\/Hilal-1.jpg\"><img loading=\"lazy\" decoding=\"async\" class=\"alignright wp-image-110133 size-medium\" src=\"http:\/\/www.sana.sy\/tr\/wp-content\/uploads\/2017\/04\/Hilal-1-300x200.jpg\" alt=\"\" width=\"300\" height=\"200\" srcset=\"https:\/\/archive.sana.sy\/tr\/wp-content\/uploads\/2017\/04\/Hilal-1-300x200.jpg 300w, https:\/\/archive.sana.sy\/tr\/wp-content\/uploads\/2017\/04\/Hilal-1-150x100.jpg 150w, https:\/\/archive.sana.sy\/tr\/wp-content\/uploads\/2017\/04\/Hilal-1-768x512.jpg 768w, https:\/\/archive.sana.sy\/tr\/wp-content\/uploads\/2017\/04\/Hilal-1-1024x683.jpg 1024w, https:\/\/archive.sana.sy\/tr\/wp-content\/uploads\/2017\/04\/Hilal-1.jpg 1800w\" sizes=\"auto, (max-width: 300px) 100vw, 300px\" \/><\/a>Hilal Suriye&#8217;nin, Cumhurba\u015fkan\u0131 Be\u015f\u015far el Esad\u2019\u0131n y\u00f6netimi alt\u0131nda b\u00f6lge halklar\u0131n\u0131n hakl\u0131 davalar\u0131n\u0131 savunan, s\u00f6m\u00fcr\u00fc ve hegemonyac\u0131 planlara kar\u015f\u0131 direni\u015fi destekleyen \u00f6nemli bir devlet olarak kalaca\u011f\u0131n\u0131 vurgulad\u0131. Suriye&#8217;nin vatan topraklar\u0131n\u0131n bir zerresinden \u00f6d\u00fcn vermesinin m\u00fcmk\u00fcn olmad\u0131\u011f\u0131n\u0131 ifade eden Hilal, \u00fclke topraklar\u0131n\u0131n tamam\u0131n\u0131n ter\u00f6r ve i\u015fgalden kurtar\u0131laca\u011f\u0131n\u0131n alt\u0131n\u0131 \u00e7izdi.<\/p>\n<p>Hilal yeniden yap\u0131lanma s\u00fcreci i\u00e7in gerekli \u00e7al\u0131\u015fmalar\u0131n h\u0131zland\u0131r\u0131lmas\u0131n\u0131n yan\u0131 s\u0131ra t\u00fcm hizmet kurumlar\u0131n\u0131n en k\u0131sa zamanda onar\u0131lmas\u0131, Halep halk\u0131n\u0131n ac\u0131lar\u0131n\u0131 hafifletme ama\u00e7l\u0131 yard\u0131mlar\u0131 artt\u0131rma ve t\u00fcm bu y\u00f6nlerdeki \u00e7al\u0131\u015fmalarda koordinasyonun peki\u015ftirilmesi \u00e7a\u011fr\u0131s\u0131nda bulundu.<\/p>\n<p>Yolsuzlukla m\u00fccadele \u00e7abalar\u0131n\u0131n azim ve kararl\u0131l\u0131kla s\u00fcrd\u00fcr\u00fclmesi ve sorunlar\u0131n bulundu\u011fu noktalar\u0131 de\u015fifre etme y\u00f6n\u00fcnde odaklanma gere\u011fini belirten Hilal, ter\u00f6r ve radikal ideolojilere kar\u015f\u0131 m\u00fccadele \u00f6neminin de alt\u0131n\u0131 \u00e7izdi.<\/p>\n<p><a href=\"http:\/\/www.sana.sy\/tr\/wp-content\/uploads\/2017\/04\/Hilal-4.jpg\"><img loading=\"lazy\" decoding=\"async\" class=\"alignright wp-image-110131 size-medium\" src=\"http:\/\/www.sana.sy\/tr\/wp-content\/uploads\/2017\/04\/Hilal-4-300x200.jpg\" alt=\"\" width=\"300\" height=\"200\" srcset=\"https:\/\/archive.sana.sy\/tr\/wp-content\/uploads\/2017\/04\/Hilal-4-300x200.jpg 300w, https:\/\/archive.sana.sy\/tr\/wp-content\/uploads\/2017\/04\/Hilal-4-150x100.jpg 150w, https:\/\/archive.sana.sy\/tr\/wp-content\/uploads\/2017\/04\/Hilal-4-768x512.jpg 768w, https:\/\/archive.sana.sy\/tr\/wp-content\/uploads\/2017\/04\/Hilal-4-1024x683.jpg 1024w, https:\/\/archive.sana.sy\/tr\/wp-content\/uploads\/2017\/04\/Hilal-4.jpg 1800w\" sizes=\"auto, (max-width: 300px) 100vw, 300px\" \/><\/a>Konferansa kat\u0131lan Baas Partisi Merkez Y\u00f6netim Kurulu \u00fcyesi ve \u0130\u015f\u00e7i Ofisi Ba\u015fkan\u0131 \u015eaban Azzuz ise; ter\u00f6ristlerin i\u015fverenleri d\u0131\u015f g\u00fc\u00e7lerin talimatlar\u0131yla Halep\u2019te bulunduklar\u0131 y\u0131k\u0131m ve sabotaja i\u015faret ederken, yeniden yap\u0131lanma ve onar\u0131m \u00e7al\u0131\u015fmalar\u0131nda ortak \u00e7al\u0131\u015fmalar\u0131n \u00f6nemini ifade etti.<\/p>\n<p>Azzuz \u015fehit aileleri ve yaral\u0131 gazilere de fedakarl\u0131klar\u0131na takdirin bir ifadesi olarak destek \u00e7al\u0131\u015fmalar\u0131n\u0131 artt\u0131rman\u0131n yan\u0131 s\u0131ra ihtiya\u00e7 sahiplerine daimi gelir kayna\u011f\u0131 temin etme \u00f6neminin alt\u0131n\u0131 \u00e7izdi.<\/p>\n<p>Konferansta parti merkez kurul \u00fcyesi ve Bay\u0131nd\u0131rl\u0131k Bakan\u0131 H\u00fcseyin Arnus; ba\u015fkanl\u0131\u011f\u0131nda kurulan yeniden yap\u0131land\u0131rma ve onar\u0131m komitesinin Halep Kentine ili\u015fkin raporunu takdim etti.<\/p>\n<p>Turizm Bakan\u0131 Bu\u015fr Yaz\u0131c\u0131 ise yapt\u0131\u011f\u0131 konu\u015fmada; bakanl\u0131\u011f\u0131n Halep Kentinde 228 turizm kurumundan 115 kurumu yeniden hizmete a\u00e7t\u0131\u011f\u0131n\u0131 belirtti.<\/p>\n<p>Sa\u011fl\u0131k bakan\u0131 Nizar Yaz\u0131c\u0131 ise bakanl\u0131\u011f\u0131n Halep\u2019te sa\u011fl\u0131k hizmetini iyile\u015ftirme amac\u0131yla harcad\u0131\u011f\u0131 \u00e7abalara \u0131\u015f\u0131k tuttu.<\/p>\n<p><a href=\"http:\/\/www.sana.sy\/tr\/wp-content\/uploads\/2017\/04\/Hilal-3.jpg\"><img loading=\"lazy\" decoding=\"async\" class=\"alignright wp-image-110134 size-medium\" src=\"http:\/\/www.sana.sy\/tr\/wp-content\/uploads\/2017\/04\/Hilal-3-300x200.jpg\" alt=\"\" width=\"300\" height=\"200\" srcset=\"https:\/\/archive.sana.sy\/tr\/wp-content\/uploads\/2017\/04\/Hilal-3-300x200.jpg 300w, https:\/\/archive.sana.sy\/tr\/wp-content\/uploads\/2017\/04\/Hilal-3-150x100.jpg 150w, https:\/\/archive.sana.sy\/tr\/wp-content\/uploads\/2017\/04\/Hilal-3-768x512.jpg 768w, https:\/\/archive.sana.sy\/tr\/wp-content\/uploads\/2017\/04\/Hilal-3-1024x683.jpg 1024w, https:\/\/archive.sana.sy\/tr\/wp-content\/uploads\/2017\/04\/Hilal-3.jpg 1800w\" sizes=\"auto, (max-width: 300px) 100vw, 300px\" \/><\/a>Yerel \u0130dare ve \u00c7evre Bakan\u0131 H\u00fcseyin Mahluf ise Halep Kentinde yeniden imar s\u00fcrecinin h\u0131zland\u0131r\u0131lmas\u0131 amac\u0131yla 2 Milyar 350 milyon maliyetinde yeni i\u015f makineleri ithal etme \u00e7abas\u0131nda oldu\u011funu belirtti. Mahluf ayn\u0131 zamanda \u015fehir i\u00e7i ula\u015f\u0131m ve daha bir\u00e7ok alanda hizmet \u015febekelerini iyile\u015ftirme \u00f6zeninde oldu\u011funu kaydetti.<\/p>\n<p>Elektrik Bakan\u0131 Muhammed Z\u00fcheyr Harbutlu konu\u015fmas\u0131nda; Halep Kentinin elektrik ihtiyac\u0131n\u0131n kar\u015f\u0131lanmas\u0131 y\u00f6n\u00fcnde harcanan \u00e7abalara \u0131\u015f\u0131k tutarken, ter\u00f6ristlerin sabote ettikleri y\u00fcksek ve al\u00e7ak gerilim \u015febekelerinin bir k\u0131sm\u0131n\u0131n onar\u0131ld\u0131\u011f\u0131n\u0131 s\u00f6yledi. Halep i\u00e7in alternatif bir \u015febeke temin edildi\u011fine i\u015faret eden Harbutlu, istasyonlar\u0131n da onar\u0131m \u00e7al\u0131\u015fmalar\u0131n\u0131n s\u00fcrd\u00fc\u011f\u00fcn\u00fc kaydetti.<\/p>\n<p>Halep Valisi H\u00fcseyin Diyab ise konu\u015fmas\u0131nda; Halep Kentinde \u00f6zel ve kamu m\u00fclklerin onar\u0131m \u00e7al\u0131\u015fmalar\u0131n\u0131n yan\u0131 s\u0131ra hizmet durumu hakk\u0131nda bilgi aktard\u0131.<\/p>\n<p>Konferansta s\u00f6z hakk\u0131 alanlar ise onar\u0131m \u00e7al\u0131\u015fmalar\u0131n\u0131n h\u0131zland\u0131r\u0131lmas\u0131, hizmet durumunun da iyile\u015ftirilmesinin yan\u0131 s\u0131ra \u00e7ift\u00e7i ve sanayicilerin desteklenmesini talep ettiler.<\/p>\n","protected":false},"excerpt":{"rendered":"<p>HALEP \u2013 Baas Partisi Halep \u0130l Ba\u015fkanl\u0131\u011f\u0131 d\u00fcn parti genel sekreter yard\u0131mc\u0131s\u0131 Hilal Hilal\u2019in kat\u0131l\u0131m\u0131yla y\u0131ll\u0131k konferans\u0131n\u0131 d\u00fczenledi. Konferans a\u00e7\u0131l\u0131\u015f\u0131nda konu\u015fan parti genel sekreter yard\u0131mc\u0131s\u0131 Hilal; Halep ve halk\u0131n\u0131n, b\u00f6lge halklar\u0131na d\u00fc\u015fman g\u00fc\u00e7lerin daha \u00f6nceden haz\u0131rlad\u0131klar\u0131 planlara ve bu planlarda edat olarak kullan\u0131lan ter\u00f6re kar\u015f\u0131 zaferlerinin bir kez daha \u00f6nemini vurgulad\u0131. Hilal Suriye&#8217;nin, Cumhurba\u015fkan\u0131 Be\u015f\u015far &hellip;<\/p>\n","protected":false},"author":1,"featured_media":110132,"comment_status":"closed","ping_status":"closed","sticky":false,"template":"","format":"standard","meta":{"footnotes":""},"categories":[479,17988,478],"tags":[21336,1132,19032,21585,20845,25671,23796,28770,28771],"class_list":["post-110129","post","type-post","status-publish","format-standard","has-post-thumbnail","","category-haberler-yerel","category-son-haberler","category-yerel","tag-baas-partisi","tag-halep","tag-halep-valisi","tag-halepte-son-durum","tag-hilal-hilal","tag-huseyin-diyab","tag-huseyin-mahluf","tag-konferans","tag-yeniden-imar"],"_links":{"self":[{"href":"https:\/\/archive.sana.sy\/tr\/index.php?rest_route=\/wp\/v2\/posts\/110129","targetHints":{"allow":["GET"]}}],"collection":[{"href":"https:\/\/archive.sana.sy\/tr\/index.php?rest_route=\/wp\/v2\/posts"}],"about":[{"href":"https:\/\/archive.sana.sy\/tr\/index.php?rest_route=\/wp\/v2\/types\/post"}],"author":[{"embeddable":true,"href":"https:\/\/archive.sana.sy\/tr\/index.php?rest_route=\/wp\/v2\/users\/1"}],"replies":[{"embeddable":true,"href":"https:\/\/archive.sana.sy\/tr\/index.php?rest_route=%2Fwp%2Fv2%2Fcomments&post=110129"}],"version-history":[{"count":0,"href":"https:\/\/archive.sana.sy\/tr\/index.php?rest_route=\/wp\/v2\/posts\/110129\/revisions"}],"wp:featuredmedia":[{"embeddable":true,"href":"https:\/\/archive.sana.sy\/tr\/index.php?rest_route=\/wp\/v2\/media\/110132"}],"wp:attachment":[{"href":"https:\/\/archive.sana.sy\/tr\/index.php?rest_route=%2Fwp%2Fv2%2Fmedia&parent=110129"}],"wp:term":[{"taxonomy":"category","embeddable":true,"href":"https:\/\/archive.sana.sy\/tr\/index.php?rest_route=%2Fwp%2Fv2%2Fcategories&post=110129"},{"taxonomy":"post_tag","embeddable":true,"href":"https:\/\/archive.sana.sy\/tr\/index.php?rest_route=%2Fwp%2Fv2%2Ftags&post=110129"}],"curies":[{"name":"wp","href":"https:\/\/api.w.org\/{rel}","templated":true}]}}