{"id":110138,"date":"2017-04-03T11:27:04","date_gmt":"2017-04-03T08:27:04","guid":{"rendered":"http:\/\/www.sana.sy\/tr\/?p=110138"},"modified":"2017-04-03T14:32:45","modified_gmt":"2017-04-03T11:32:45","slug":"ordu-birliklerimizin-dera-kentinin-kuzeyi-ibta-ve-dogusu-nuayme-beldeleri-yakinlarinda-teroristlerin-araclarini-top-atesine-tuttuklarini-belirten-kaynak-burada-da-agir-silahlarla-donatilmis-3-aracla","status":"publish","type":"post","link":"https:\/\/archive.sana.sy\/tr\/?p=110138","title":{"rendered":"Ordu birliklerimizin Dera Kentinin kuzeyi Ibta ve do\u011fusu Nuayme beldeleri yak\u0131nlar\u0131nda ter\u00f6ristlerin ara\u00e7lar\u0131n\u0131 top ate\u015fine tuttuklar\u0131n\u0131 belirten kaynak, burada da a\u011f\u0131r silahlarla donat\u0131lm\u0131\u015f 3 ara\u00e7la birlikte bir\u00e7ok ter\u00f6ristin etkisiz hale getirildi\u011fini aktard\u0131"},"content":{"rendered":"<p>Ordu birliklerimizin Dera Kentinin kuzeyi Ibta ve do\u011fusu Nuayme beldeleri yak\u0131nlar\u0131nda ter\u00f6ristlerin ara\u00e7lar\u0131n\u0131 top ate\u015fine tuttuklar\u0131n\u0131 belirten kaynak, burada da a\u011f\u0131r silahlarla donat\u0131lm\u0131\u015f 3 ara\u00e7la birlikte bir\u00e7ok ter\u00f6ristin etkisiz hale getirildi\u011fini aktard\u0131<\/p>\n","protected":false},"excerpt":{"rendered":"<p>Ordu birliklerimizin Dera Kentinin kuzeyi Ibta ve do\u011fusu Nuayme beldeleri yak\u0131nlar\u0131nda ter\u00f6ristlerin ara\u00e7lar\u0131n\u0131 top ate\u015fine tuttuklar\u0131n\u0131 belirten kaynak, burada da a\u011f\u0131r silahlarla donat\u0131lm\u0131\u015f 3 ara\u00e7la birlikte bir\u00e7ok ter\u00f6ristin etkisiz hale getirildi\u011fini aktard\u0131<\/p>\n","protected":false},"author":1,"featured_media":0,"comment_status":"closed","ping_status":"closed","sticky":false,"template":"","format":"standard","meta":{"footnotes":""},"categories":[17991],"tags":[],"class_list":["post-110138","post","type-post","status-publish","format-standard","","category-son-dakika"],"_links":{"self":[{"href":"https:\/\/archive.sana.sy\/tr\/index.php?rest_route=\/wp\/v2\/posts\/110138","targetHints":{"allow":["GET"]}}],"collection":[{"href":"https:\/\/archive.sana.sy\/tr\/index.php?rest_route=\/wp\/v2\/posts"}],"about":[{"href":"https:\/\/archive.sana.sy\/tr\/index.php?rest_route=\/wp\/v2\/types\/post"}],"author":[{"embeddable":true,"href":"https:\/\/archive.sana.sy\/tr\/index.php?rest_route=\/wp\/v2\/users\/1"}],"replies":[{"embeddable":true,"href":"https:\/\/archive.sana.sy\/tr\/index.php?rest_route=%2Fwp%2Fv2%2Fcomments&post=110138"}],"version-history":[{"count":0,"href":"https:\/\/archive.sana.sy\/tr\/index.php?rest_route=\/wp\/v2\/posts\/110138\/revisions"}],"wp:attachment":[{"href":"https:\/\/archive.sana.sy\/tr\/index.php?rest_route=%2Fwp%2Fv2%2Fmedia&parent=110138"}],"wp:term":[{"taxonomy":"category","embeddable":true,"href":"https:\/\/archive.sana.sy\/tr\/index.php?rest_route=%2Fwp%2Fv2%2Fcategories&post=110138"},{"taxonomy":"post_tag","embeddable":true,"href":"https:\/\/archive.sana.sy\/tr\/index.php?rest_route=%2Fwp%2Fv2%2Ftags&post=110138"}],"curies":[{"name":"wp","href":"https:\/\/api.w.org\/{rel}","templated":true}]}}