{"id":110140,"date":"2017-04-03T10:18:27","date_gmt":"2017-04-03T07:18:27","guid":{"rendered":"http:\/\/www.sana.sy\/tr\/?p=110140"},"modified":"2017-04-03T14:30:07","modified_gmt":"2017-04-03T11:30:07","slug":"operasyonda-aralarinda-yabanci-ve-saha-komutanlarinin-bulundugu-onlarca-teroristin-araclari-ve-silahlariyla-etkisiz-hale-getirildigini-kaydeden-kaynak-ordu-birliklerimizin-beldeyi-tamamen-teroristler","status":"publish","type":"post","link":"https:\/\/archive.sana.sy\/tr\/?p=110140","title":{"rendered":"Operasyonda aralar\u0131nda yabanc\u0131 ve saha komutanlar\u0131n\u0131n bulundu\u011fu onlarca ter\u00f6ristin ara\u00e7lar\u0131 ve silahlar\u0131yla etkisiz hale getirildi\u011fini kaydeden kaynak; ordu birliklerimizin beldeyi tamamen ter\u00f6ristlerden temizleme ve ahalisinin g\u00fcvenli\u011fini temin etmeyi ba\u015fard\u0131klar\u0131n\u0131 ifade etti"},"content":{"rendered":"<p>Operasyonda aralar\u0131nda yabanc\u0131 ve saha komutanlar\u0131n\u0131n bulundu\u011fu onlarca ter\u00f6ristin ara\u00e7lar\u0131 ve silahlar\u0131yla etkisiz hale getirildi\u011fini kaydeden kaynak; ordu birliklerimizin beldeyi tamamen ter\u00f6ristlerden temizleme ve ahalisinin g\u00fcvenli\u011fini temin etmeyi ba\u015fard\u0131klar\u0131n\u0131 ifade etti<\/p>\n","protected":false},"excerpt":{"rendered":"<p>Operasyonda aralar\u0131nda yabanc\u0131 ve saha komutanlar\u0131n\u0131n bulundu\u011fu onlarca ter\u00f6ristin ara\u00e7lar\u0131 ve silahlar\u0131yla etkisiz hale getirildi\u011fini kaydeden kaynak; ordu birliklerimizin beldeyi tamamen ter\u00f6ristlerden temizleme ve ahalisinin g\u00fcvenli\u011fini temin etmeyi ba\u015fard\u0131klar\u0131n\u0131 ifade etti<\/p>\n","protected":false},"author":1,"featured_media":0,"comment_status":"closed","ping_status":"closed","sticky":false,"template":"","format":"standard","meta":{"footnotes":""},"categories":[17991],"tags":[],"class_list":["post-110140","post","type-post","status-publish","format-standard","","category-son-dakika"],"_links":{"self":[{"href":"https:\/\/archive.sana.sy\/tr\/index.php?rest_route=\/wp\/v2\/posts\/110140","targetHints":{"allow":["GET"]}}],"collection":[{"href":"https:\/\/archive.sana.sy\/tr\/index.php?rest_route=\/wp\/v2\/posts"}],"about":[{"href":"https:\/\/archive.sana.sy\/tr\/index.php?rest_route=\/wp\/v2\/types\/post"}],"author":[{"embeddable":true,"href":"https:\/\/archive.sana.sy\/tr\/index.php?rest_route=\/wp\/v2\/users\/1"}],"replies":[{"embeddable":true,"href":"https:\/\/archive.sana.sy\/tr\/index.php?rest_route=%2Fwp%2Fv2%2Fcomments&post=110140"}],"version-history":[{"count":0,"href":"https:\/\/archive.sana.sy\/tr\/index.php?rest_route=\/wp\/v2\/posts\/110140\/revisions"}],"wp:attachment":[{"href":"https:\/\/archive.sana.sy\/tr\/index.php?rest_route=%2Fwp%2Fv2%2Fmedia&parent=110140"}],"wp:term":[{"taxonomy":"category","embeddable":true,"href":"https:\/\/archive.sana.sy\/tr\/index.php?rest_route=%2Fwp%2Fv2%2Fcategories&post=110140"},{"taxonomy":"post_tag","embeddable":true,"href":"https:\/\/archive.sana.sy\/tr\/index.php?rest_route=%2Fwp%2Fv2%2Ftags&post=110140"}],"curies":[{"name":"wp","href":"https:\/\/api.w.org\/{rel}","templated":true}]}}