{"id":110144,"date":"2017-04-03T10:26:17","date_gmt":"2017-04-03T07:26:17","guid":{"rendered":"http:\/\/www.sana.sy\/tr\/?p=110144"},"modified":"2017-04-03T14:30:53","modified_gmt":"2017-04-03T11:30:53","slug":"teroristlerin-beldede-ozel-ve-kamu-mulklere-yuksek-sayida-patlayici-duzenekleri-yerlestirdiklerini-belirten-kaynak-bu-duzenekleri-etkisizlestirme-calismalarinin-uzman-ekipler-tarafindan-baslatildigin","status":"publish","type":"post","link":"https:\/\/archive.sana.sy\/tr\/?p=110144","title":{"rendered":"Ter\u00f6ristlerin beldede \u00f6zel ve kamu m\u00fclklere y\u00fcksek say\u0131da patlay\u0131c\u0131 d\u00fczenekleri yerle\u015ftirdiklerini belirten kaynak, bu d\u00fczenekleri etkisizle\u015ftirme \u00e7al\u0131\u015fmalar\u0131n\u0131n uzman ekipler taraf\u0131ndan ba\u015flat\u0131ld\u0131\u011f\u0131n\u0131 s\u00f6yledi"},"content":{"rendered":"<p>Ter\u00f6ristlerin beldede \u00f6zel ve kamu m\u00fclklere y\u00fcksek say\u0131da patlay\u0131c\u0131 d\u00fczenekleri yerle\u015ftirdiklerini belirten kaynak, bu d\u00fczenekleri etkisizle\u015ftirme \u00e7al\u0131\u015fmalar\u0131n\u0131n uzman ekipler taraf\u0131ndan ba\u015flat\u0131ld\u0131\u011f\u0131n\u0131 s\u00f6yledi<\/p>\n","protected":false},"excerpt":{"rendered":"<p>Ter\u00f6ristlerin beldede \u00f6zel ve kamu m\u00fclklere y\u00fcksek say\u0131da patlay\u0131c\u0131 d\u00fczenekleri yerle\u015ftirdiklerini belirten kaynak, bu d\u00fczenekleri etkisizle\u015ftirme \u00e7al\u0131\u015fmalar\u0131n\u0131n uzman ekipler taraf\u0131ndan ba\u015flat\u0131ld\u0131\u011f\u0131n\u0131 s\u00f6yledi<\/p>\n","protected":false},"author":1,"featured_media":0,"comment_status":"closed","ping_status":"closed","sticky":false,"template":"","format":"standard","meta":{"footnotes":""},"categories":[17991],"tags":[],"class_list":["post-110144","post","type-post","status-publish","format-standard","","category-son-dakika"],"_links":{"self":[{"href":"https:\/\/archive.sana.sy\/tr\/index.php?rest_route=\/wp\/v2\/posts\/110144","targetHints":{"allow":["GET"]}}],"collection":[{"href":"https:\/\/archive.sana.sy\/tr\/index.php?rest_route=\/wp\/v2\/posts"}],"about":[{"href":"https:\/\/archive.sana.sy\/tr\/index.php?rest_route=\/wp\/v2\/types\/post"}],"author":[{"embeddable":true,"href":"https:\/\/archive.sana.sy\/tr\/index.php?rest_route=\/wp\/v2\/users\/1"}],"replies":[{"embeddable":true,"href":"https:\/\/archive.sana.sy\/tr\/index.php?rest_route=%2Fwp%2Fv2%2Fcomments&post=110144"}],"version-history":[{"count":0,"href":"https:\/\/archive.sana.sy\/tr\/index.php?rest_route=\/wp\/v2\/posts\/110144\/revisions"}],"wp:attachment":[{"href":"https:\/\/archive.sana.sy\/tr\/index.php?rest_route=%2Fwp%2Fv2%2Fmedia&parent=110144"}],"wp:term":[{"taxonomy":"category","embeddable":true,"href":"https:\/\/archive.sana.sy\/tr\/index.php?rest_route=%2Fwp%2Fv2%2Fcategories&post=110144"},{"taxonomy":"post_tag","embeddable":true,"href":"https:\/\/archive.sana.sy\/tr\/index.php?rest_route=%2Fwp%2Fv2%2Ftags&post=110144"}],"curies":[{"name":"wp","href":"https:\/\/api.w.org\/{rel}","templated":true}]}}