{"id":110146,"date":"2017-04-03T10:30:41","date_gmt":"2017-04-03T07:30:41","guid":{"rendered":"http:\/\/www.sana.sy\/tr\/?p=110146"},"modified":"2017-04-03T14:31:20","modified_gmt":"2017-04-03T11:31:20","slug":"ordu-birliklerimiz-gecen-cuma-gunu-500den-fazla-teroristi-olu-yuzlercesini-yarali-dusurmesi-ve-muhtelif-tur-43ten-fazla-araci-imha-etmeleri-ardindan-il-kirsalinin-kuzeyinde-onlarca","status":"publish","type":"post","link":"https:\/\/archive.sana.sy\/tr\/?p=110146","title":{"rendered":"Ordu birliklerimiz ge\u00e7en Cuma g\u00fcn\u00fc 500\u2019den fazla ter\u00f6risti \u00f6l\u00fc, y\u00fczlercesini yaral\u0131 d\u00fc\u015f\u00fcrmesi ve muhtelif t\u00fcr 43\u2019ten fazla arac\u0131 imha etmeleri ard\u0131ndan il k\u0131rsal\u0131n\u0131n kuzeyinde onlarca belde ve k\u00f6y\u00fc ter\u00f6rden kurtarm\u0131\u015flard\u0131"},"content":{"rendered":"<p>Ordu birliklerimiz ge\u00e7en Cuma g\u00fcn\u00fc 500\u2019den fazla ter\u00f6risti \u00f6l\u00fc, y\u00fczlercesini yaral\u0131 d\u00fc\u015f\u00fcrmesi ve muhtelif t\u00fcr 43\u2019ten fazla arac\u0131 imha etmeleri ard\u0131ndan il k\u0131rsal\u0131n\u0131n kuzeyinde onlarca belde ve k\u00f6y\u00fc ter\u00f6rden kurtarm\u0131\u015flard\u0131<\/p>\n","protected":false},"excerpt":{"rendered":"<p>Ordu birliklerimiz ge\u00e7en Cuma g\u00fcn\u00fc 500\u2019den fazla ter\u00f6risti \u00f6l\u00fc, y\u00fczlercesini yaral\u0131 d\u00fc\u015f\u00fcrmesi ve muhtelif t\u00fcr 43\u2019ten fazla arac\u0131 imha etmeleri ard\u0131ndan il k\u0131rsal\u0131n\u0131n kuzeyinde onlarca belde ve k\u00f6y\u00fc ter\u00f6rden kurtarm\u0131\u015flard\u0131<\/p>\n","protected":false},"author":1,"featured_media":0,"comment_status":"closed","ping_status":"closed","sticky":false,"template":"","format":"standard","meta":{"footnotes":""},"categories":[17991],"tags":[],"class_list":["post-110146","post","type-post","status-publish","format-standard","","category-son-dakika"],"_links":{"self":[{"href":"https:\/\/archive.sana.sy\/tr\/index.php?rest_route=\/wp\/v2\/posts\/110146","targetHints":{"allow":["GET"]}}],"collection":[{"href":"https:\/\/archive.sana.sy\/tr\/index.php?rest_route=\/wp\/v2\/posts"}],"about":[{"href":"https:\/\/archive.sana.sy\/tr\/index.php?rest_route=\/wp\/v2\/types\/post"}],"author":[{"embeddable":true,"href":"https:\/\/archive.sana.sy\/tr\/index.php?rest_route=\/wp\/v2\/users\/1"}],"replies":[{"embeddable":true,"href":"https:\/\/archive.sana.sy\/tr\/index.php?rest_route=%2Fwp%2Fv2%2Fcomments&post=110146"}],"version-history":[{"count":0,"href":"https:\/\/archive.sana.sy\/tr\/index.php?rest_route=\/wp\/v2\/posts\/110146\/revisions"}],"wp:attachment":[{"href":"https:\/\/archive.sana.sy\/tr\/index.php?rest_route=%2Fwp%2Fv2%2Fmedia&parent=110146"}],"wp:term":[{"taxonomy":"category","embeddable":true,"href":"https:\/\/archive.sana.sy\/tr\/index.php?rest_route=%2Fwp%2Fv2%2Fcategories&post=110146"},{"taxonomy":"post_tag","embeddable":true,"href":"https:\/\/archive.sana.sy\/tr\/index.php?rest_route=%2Fwp%2Fv2%2Ftags&post=110146"}],"curies":[{"name":"wp","href":"https:\/\/api.w.org\/{rel}","templated":true}]}}