{"id":110148,"date":"2017-04-03T11:16:05","date_gmt":"2017-04-03T08:16:05","guid":{"rendered":"http:\/\/www.sana.sy\/tr\/?p=110148"},"modified":"2017-04-03T14:31:57","modified_gmt":"2017-04-03T11:31:57","slug":"ordu-birliklerimizin-dera-ve-kirsalinda-israilden-komuta-alan-nusra-cephesi-ve-catisi-altindaki-teror-orgutlere-karsi-operasyonlarin-devam-ettigini-ifade-eden-askeri-kaynak-dera-beledi","status":"publish","type":"post","link":"https:\/\/archive.sana.sy\/tr\/?p=110148","title":{"rendered":"Ordu birliklerimizin Dera ve k\u0131rsal\u0131nda \u0130srail\u2019den komuta alan Nusra Cephesi ve \u00e7at\u0131s\u0131 alt\u0131ndaki ter\u00f6r \u00f6rg\u00fctlere kar\u015f\u0131 operasyonlar\u0131n devam etti\u011fini ifade eden askeri kaynak, Dera Beledi\u2019in muhtelif b\u00f6lgelerinde bir komuta karargah\u0131na ilaveten bir dizi siper noktalar\u0131 ve a\u011f\u0131r makineli silah rampalar\u0131n\u0131 imha ettiklerini belirtti"},"content":{"rendered":"<p>Ordu birliklerimizin Dera ve k\u0131rsal\u0131nda \u0130srail\u2019den komuta alan Nusra Cephesi ve \u00e7at\u0131s\u0131 alt\u0131ndaki ter\u00f6r \u00f6rg\u00fctlere kar\u015f\u0131 operasyonlar\u0131n devam etti\u011fini ifade eden askeri kaynak, Dera Beledi\u2019in muhtelif b\u00f6lgelerinde bir komuta karargah\u0131na ilaveten bir dizi siper noktalar\u0131 ve a\u011f\u0131r makineli silah rampalar\u0131n\u0131 imha ettiklerini belirtti<\/p>\n","protected":false},"excerpt":{"rendered":"<p>Ordu birliklerimizin Dera ve k\u0131rsal\u0131nda \u0130srail\u2019den komuta alan Nusra Cephesi ve \u00e7at\u0131s\u0131 alt\u0131ndaki ter\u00f6r \u00f6rg\u00fctlere kar\u015f\u0131 operasyonlar\u0131n devam etti\u011fini ifade eden askeri kaynak, Dera Beledi\u2019in muhtelif b\u00f6lgelerinde bir komuta karargah\u0131na ilaveten bir dizi siper noktalar\u0131 ve a\u011f\u0131r makineli silah rampalar\u0131n\u0131 imha ettiklerini belirtti<\/p>\n","protected":false},"author":1,"featured_media":0,"comment_status":"closed","ping_status":"closed","sticky":false,"template":"","format":"standard","meta":{"footnotes":""},"categories":[17991],"tags":[],"class_list":["post-110148","post","type-post","status-publish","format-standard","","category-son-dakika"],"_links":{"self":[{"href":"https:\/\/archive.sana.sy\/tr\/index.php?rest_route=\/wp\/v2\/posts\/110148","targetHints":{"allow":["GET"]}}],"collection":[{"href":"https:\/\/archive.sana.sy\/tr\/index.php?rest_route=\/wp\/v2\/posts"}],"about":[{"href":"https:\/\/archive.sana.sy\/tr\/index.php?rest_route=\/wp\/v2\/types\/post"}],"author":[{"embeddable":true,"href":"https:\/\/archive.sana.sy\/tr\/index.php?rest_route=\/wp\/v2\/users\/1"}],"replies":[{"embeddable":true,"href":"https:\/\/archive.sana.sy\/tr\/index.php?rest_route=%2Fwp%2Fv2%2Fcomments&post=110148"}],"version-history":[{"count":0,"href":"https:\/\/archive.sana.sy\/tr\/index.php?rest_route=\/wp\/v2\/posts\/110148\/revisions"}],"wp:attachment":[{"href":"https:\/\/archive.sana.sy\/tr\/index.php?rest_route=%2Fwp%2Fv2%2Fmedia&parent=110148"}],"wp:term":[{"taxonomy":"category","embeddable":true,"href":"https:\/\/archive.sana.sy\/tr\/index.php?rest_route=%2Fwp%2Fv2%2Fcategories&post=110148"},{"taxonomy":"post_tag","embeddable":true,"href":"https:\/\/archive.sana.sy\/tr\/index.php?rest_route=%2Fwp%2Fv2%2Ftags&post=110148"}],"curies":[{"name":"wp","href":"https:\/\/api.w.org\/{rel}","templated":true}]}}