{"id":110222,"date":"2017-04-03T18:07:45","date_gmt":"2017-04-03T15:07:45","guid":{"rendered":"http:\/\/www.sana.sy\/tr\/?p=110222"},"modified":"2017-04-03T18:09:31","modified_gmt":"2017-04-03T15:09:31","slug":"emniyet-mudurlugunde-yetkili-bir-kaynak-teroristlerin-firlattiklari-4-fuzenin-samin-emeviler-meydanina-dusmeleri-sonucunda-4-vatandasin-yaralandigini-belirtti","status":"publish","type":"post","link":"https:\/\/archive.sana.sy\/tr\/?p=110222","title":{"rendered":"\u015eam Emniyet M\u00fcd\u00fcrl\u00fc\u011f\u00fcnde yetkili bir kaynak; ter\u00f6ristlerin f\u0131rlatt\u0131klar\u0131 4 f\u00fczenin \u015eam\u2019\u0131n Emeviler Meydan\u0131na d\u00fc\u015fmeleri sonucunda 4 vatanda\u015f\u0131n yaraland\u0131\u011f\u0131n\u0131 belirtti"},"content":{"rendered":"<p>\u015eam Emniyet M\u00fcd\u00fcrl\u00fc\u011f\u00fcnde yetkili bir kaynak; ter\u00f6ristlerin f\u0131rlatt\u0131klar\u0131 4 f\u00fczenin \u015eam\u2019\u0131n Emeviler Meydan\u0131na d\u00fc\u015fmeleri sonucunda 4 vatanda\u015f\u0131n yaraland\u0131\u011f\u0131n\u0131 belirtti<\/p>\n","protected":false},"excerpt":{"rendered":"<p>\u015eam Emniyet M\u00fcd\u00fcrl\u00fc\u011f\u00fcnde yetkili bir kaynak; ter\u00f6ristlerin f\u0131rlatt\u0131klar\u0131 4 f\u00fczenin \u015eam\u2019\u0131n Emeviler Meydan\u0131na d\u00fc\u015fmeleri sonucunda 4 vatanda\u015f\u0131n yaraland\u0131\u011f\u0131n\u0131 belirtti<\/p>\n","protected":false},"author":1,"featured_media":0,"comment_status":"closed","ping_status":"closed","sticky":false,"template":"","format":"standard","meta":{"footnotes":""},"categories":[17991],"tags":[],"class_list":["post-110222","post","type-post","status-publish","format-standard","","category-son-dakika"],"_links":{"self":[{"href":"https:\/\/archive.sana.sy\/tr\/index.php?rest_route=\/wp\/v2\/posts\/110222","targetHints":{"allow":["GET"]}}],"collection":[{"href":"https:\/\/archive.sana.sy\/tr\/index.php?rest_route=\/wp\/v2\/posts"}],"about":[{"href":"https:\/\/archive.sana.sy\/tr\/index.php?rest_route=\/wp\/v2\/types\/post"}],"author":[{"embeddable":true,"href":"https:\/\/archive.sana.sy\/tr\/index.php?rest_route=\/wp\/v2\/users\/1"}],"replies":[{"embeddable":true,"href":"https:\/\/archive.sana.sy\/tr\/index.php?rest_route=%2Fwp%2Fv2%2Fcomments&post=110222"}],"version-history":[{"count":0,"href":"https:\/\/archive.sana.sy\/tr\/index.php?rest_route=\/wp\/v2\/posts\/110222\/revisions"}],"wp:attachment":[{"href":"https:\/\/archive.sana.sy\/tr\/index.php?rest_route=%2Fwp%2Fv2%2Fmedia&parent=110222"}],"wp:term":[{"taxonomy":"category","embeddable":true,"href":"https:\/\/archive.sana.sy\/tr\/index.php?rest_route=%2Fwp%2Fv2%2Fcategories&post=110222"},{"taxonomy":"post_tag","embeddable":true,"href":"https:\/\/archive.sana.sy\/tr\/index.php?rest_route=%2Fwp%2Fv2%2Ftags&post=110222"}],"curies":[{"name":"wp","href":"https:\/\/api.w.org\/{rel}","templated":true}]}}