{"id":110262,"date":"2017-04-04T16:51:55","date_gmt":"2017-04-04T13:51:55","guid":{"rendered":"http:\/\/www.sana.sy\/tr\/?p=110262"},"modified":"2017-04-04T16:51:55","modified_gmt":"2017-04-04T13:51:55","slug":"sam-emniyet-mudurlugunde-bir-kaynak-dogru-gutada-bulunan-teroristlerin-baskent-samin-yerlesim-alanlarina-devam-eden-gelisiguzel-saldirilari-cercevesinde-mezze-mezra-ve-sagur-semtle","status":"publish","type":"post","link":"https:\/\/archive.sana.sy\/tr\/?p=110262","title":{"rendered":"\u015eam Emniyet M\u00fcd\u00fcrl\u00fc\u011f\u00fcnde bir kaynak; Do\u011fru \u011euta\u2019da bulunan ter\u00f6ristlerin ba\u015fkent \u015eam\u2019\u0131n yerle\u015fim alanlar\u0131na devam eden geli\u015fig\u00fczel sald\u0131r\u0131lar\u0131 \u00e7er\u00e7evesinde Mezze, Mezra ve \u015ea\u011fur semtlerinin yan\u0131 s\u0131ra Feyha Stadyumunu yine f\u00fczelerle hedef ald\u0131klar\u0131n\u0131 aktard\u0131"},"content":{"rendered":"<p>\u015eam Emniyet M\u00fcd\u00fcrl\u00fc\u011f\u00fcnde bir kaynak; Do\u011fru \u011euta\u2019da bulunan ter\u00f6ristlerin ba\u015fkent \u015eam\u2019\u0131n yerle\u015fim alanlar\u0131na devam eden geli\u015fig\u00fczel sald\u0131r\u0131lar\u0131 \u00e7er\u00e7evesinde Mezze, Mezra ve \u015ea\u011fur semtlerinin yan\u0131 s\u0131ra Feyha Stadyumunu yine f\u00fczelerle hedef ald\u0131klar\u0131n\u0131 aktard\u0131<\/p>\n","protected":false},"excerpt":{"rendered":"<p>\u015eam Emniyet M\u00fcd\u00fcrl\u00fc\u011f\u00fcnde bir kaynak; Do\u011fru \u011euta\u2019da bulunan ter\u00f6ristlerin ba\u015fkent \u015eam\u2019\u0131n yerle\u015fim alanlar\u0131na devam eden geli\u015fig\u00fczel sald\u0131r\u0131lar\u0131 \u00e7er\u00e7evesinde Mezze, Mezra ve \u015ea\u011fur semtlerinin yan\u0131 s\u0131ra Feyha Stadyumunu yine f\u00fczelerle hedef ald\u0131klar\u0131n\u0131 aktard\u0131<\/p>\n","protected":false},"author":1,"featured_media":0,"comment_status":"closed","ping_status":"closed","sticky":false,"template":"","format":"standard","meta":{"footnotes":""},"categories":[17991],"tags":[],"class_list":["post-110262","post","type-post","status-publish","format-standard","","category-son-dakika"],"_links":{"self":[{"href":"https:\/\/archive.sana.sy\/tr\/index.php?rest_route=\/wp\/v2\/posts\/110262","targetHints":{"allow":["GET"]}}],"collection":[{"href":"https:\/\/archive.sana.sy\/tr\/index.php?rest_route=\/wp\/v2\/posts"}],"about":[{"href":"https:\/\/archive.sana.sy\/tr\/index.php?rest_route=\/wp\/v2\/types\/post"}],"author":[{"embeddable":true,"href":"https:\/\/archive.sana.sy\/tr\/index.php?rest_route=\/wp\/v2\/users\/1"}],"replies":[{"embeddable":true,"href":"https:\/\/archive.sana.sy\/tr\/index.php?rest_route=%2Fwp%2Fv2%2Fcomments&post=110262"}],"version-history":[{"count":0,"href":"https:\/\/archive.sana.sy\/tr\/index.php?rest_route=\/wp\/v2\/posts\/110262\/revisions"}],"wp:attachment":[{"href":"https:\/\/archive.sana.sy\/tr\/index.php?rest_route=%2Fwp%2Fv2%2Fmedia&parent=110262"}],"wp:term":[{"taxonomy":"category","embeddable":true,"href":"https:\/\/archive.sana.sy\/tr\/index.php?rest_route=%2Fwp%2Fv2%2Fcategories&post=110262"},{"taxonomy":"post_tag","embeddable":true,"href":"https:\/\/archive.sana.sy\/tr\/index.php?rest_route=%2Fwp%2Fv2%2Ftags&post=110262"}],"curies":[{"name":"wp","href":"https:\/\/api.w.org\/{rel}","templated":true}]}}