{"id":110352,"date":"2017-04-05T14:00:10","date_gmt":"2017-04-05T11:00:10","guid":{"rendered":"http:\/\/www.sana.sy\/tr\/?p=110352"},"modified":"2017-04-07T15:41:16","modified_gmt":"2017-04-07T12:41:16","slug":"dini-egitmen-ve-hatipler-gelistiriliyor","status":"publish","type":"post","link":"https:\/\/archive.sana.sy\/tr\/?p=110352","title":{"rendered":"Dini E\u011fitmen ve Hatipler Geli\u015ftiriliyor"},"content":{"rendered":"<p>\u015eAM \u2013 Evkaf Bakan\u0131 Muhammed Abd\u00fcssettar el Seyit; tekfirci ideoloji ve ter\u00f6re kar\u015f\u0131 m\u00fccadelenin yan\u0131 s\u0131ra modern \u00e7a\u011fa uyumluluk sa\u011flama a\u00e7\u0131s\u0131ndan dini e\u011fitim ve hitab\u0131 geli\u015ftirme gere\u011finin alt\u0131n\u0131 \u00e7izdi.<\/p>\n<p>Evkaf ve dini e\u011fitim m\u00fcd\u00fcrl\u00fcklerinin y\u0131ll\u0131k 10. genel konferans \u00e7al\u0131\u015fmalar\u0131 bitiminde Bakan Seyit; \u0130slam dininin ger\u00e7ek ilkeleri, sahip oldu\u011fu ho\u015fg\u00f6r\u00fc, tekfircilik ve ter\u00f6re kar\u015f\u0131 kurallar\u0131n\u0131n a\u00e7\u0131klan\u0131p halk\u0131n ayd\u0131nlat\u0131lmas\u0131 a\u00e7\u0131s\u0131ndan dini gen\u00e7lik ekibinin muhtelif illerde bulunduklar\u0131 \u00e7abalar\u0131 \u00f6vd\u00fc. \u00d6zellikle gen\u00e7 nesillerin ter\u00f6r ve tekfircili\u011fe kar\u015f\u0131 bilin\u00e7lendirilmesinde bu ekibin \u00e7al\u0131\u015fmalar\u0131na dikkat \u00e7eken Seyit; yeni nesli vatan ve insanl\u0131\u011fa d\u00fc\u015fman tekfirci ideoloji ve planlardan koruman\u0131n \u00f6nemini kaydetti.<\/p>\n<p>Konferans kat\u0131l\u0131mc\u0131lar\u0131; muhtelif b\u00f6lgelerde dini e\u011fitim ve hitap g\u00f6revlerinde bulunanlar i\u00e7in 5260 e\u011fitim kursu a\u00e7\u0131ld\u0131\u011f\u0131na dikkat \u00e7ekerken, dini e\u011fitmen ve hatiplerin halk\u0131 bilin\u00e7lendirme ve dini ilkelerin sapt\u0131r\u0131lmas\u0131n\u0131 engelleme amac\u0131yla geli\u015ftirilmeleri y\u00f6n\u00fcnde \u00e7abalar\u0131n yo\u011funla\u015ft\u0131r\u0131lmakta oldu\u011funa i\u015faret etti.<\/p>\n","protected":false},"excerpt":{"rendered":"<p>\u015eAM \u2013 Evkaf Bakan\u0131 Muhammed Abd\u00fcssettar el Seyit; tekfirci ideoloji ve ter\u00f6re kar\u015f\u0131 m\u00fccadelenin yan\u0131 s\u0131ra modern \u00e7a\u011fa uyumluluk sa\u011flama a\u00e7\u0131s\u0131ndan dini e\u011fitim ve hitab\u0131 geli\u015ftirme gere\u011finin alt\u0131n\u0131 \u00e7izdi. Evkaf ve dini e\u011fitim m\u00fcd\u00fcrl\u00fcklerinin y\u0131ll\u0131k 10. genel konferans \u00e7al\u0131\u015fmalar\u0131 bitiminde Bakan Seyit; \u0130slam dininin ger\u00e7ek ilkeleri, sahip oldu\u011fu ho\u015fg\u00f6r\u00fc, tekfircilik ve ter\u00f6re kar\u015f\u0131 kurallar\u0131n\u0131n a\u00e7\u0131klan\u0131p &hellip;<\/p>\n","protected":false},"author":1,"featured_media":110354,"comment_status":"closed","ping_status":"closed","sticky":false,"template":"","format":"standard","meta":{"footnotes":""},"categories":[479,17988,478],"tags":[28821,28820,28823,26986,28822,17327,23097,16591,27922,2442,20907],"class_list":["post-110352","post","type-post","status-publish","format-standard","has-post-thumbnail","","category-haberler-yerel","category-son-haberler","category-yerel","tag-dini-egitim","tag-dini-egitmen-ve-hatipler-gelistiriliyor","tag-dini-ilkeler","tag-evkaf-bakanligi","tag-hatip","tag-imam","tag-muhammed-abdussettar-el-seyit","tag-suriye","tag-tekfirci-ideoloji","tag-teror","tag-vakiflar-bakanligi"],"_links":{"self":[{"href":"https:\/\/archive.sana.sy\/tr\/index.php?rest_route=\/wp\/v2\/posts\/110352","targetHints":{"allow":["GET"]}}],"collection":[{"href":"https:\/\/archive.sana.sy\/tr\/index.php?rest_route=\/wp\/v2\/posts"}],"about":[{"href":"https:\/\/archive.sana.sy\/tr\/index.php?rest_route=\/wp\/v2\/types\/post"}],"author":[{"embeddable":true,"href":"https:\/\/archive.sana.sy\/tr\/index.php?rest_route=\/wp\/v2\/users\/1"}],"replies":[{"embeddable":true,"href":"https:\/\/archive.sana.sy\/tr\/index.php?rest_route=%2Fwp%2Fv2%2Fcomments&post=110352"}],"version-history":[{"count":0,"href":"https:\/\/archive.sana.sy\/tr\/index.php?rest_route=\/wp\/v2\/posts\/110352\/revisions"}],"wp:featuredmedia":[{"embeddable":true,"href":"https:\/\/archive.sana.sy\/tr\/index.php?rest_route=\/wp\/v2\/media\/110354"}],"wp:attachment":[{"href":"https:\/\/archive.sana.sy\/tr\/index.php?rest_route=%2Fwp%2Fv2%2Fmedia&parent=110352"}],"wp:term":[{"taxonomy":"category","embeddable":true,"href":"https:\/\/archive.sana.sy\/tr\/index.php?rest_route=%2Fwp%2Fv2%2Fcategories&post=110352"},{"taxonomy":"post_tag","embeddable":true,"href":"https:\/\/archive.sana.sy\/tr\/index.php?rest_route=%2Fwp%2Fv2%2Ftags&post=110352"}],"curies":[{"name":"wp","href":"https:\/\/api.w.org\/{rel}","templated":true}]}}