{"id":110365,"date":"2017-04-05T15:24:47","date_gmt":"2017-04-05T12:24:47","guid":{"rendered":"http:\/\/www.sana.sy\/tr\/?p=110365"},"modified":"2017-04-07T15:38:33","modified_gmt":"2017-04-07T12:38:33","slug":"teroristler-ve-isverenleri-basarisizliklarinin-hincini-sivillerden-aliyor","status":"publish","type":"post","link":"https:\/\/archive.sana.sy\/tr\/?p=110365","title":{"rendered":"Ter\u00f6ristler ve \u0130\u015fverenleri Ba\u015far\u0131s\u0131zl\u0131klar\u0131n\u0131n H\u0131nc\u0131n\u0131 Sivillerden Al\u0131yor (video)"},"content":{"rendered":"<p>\u0130LLER \u2013 Erdo\u011fan, Al Suud ve benzeri Suriye d\u00fc\u015fman\u0131 rejimlerin destek ve komutas\u0131nda faaliyet g\u00f6steren ter\u00f6r \u00f6rg\u00fctleri \u00f6zellikle son zamanlarda ordu birliklerimiz kar\u015f\u0131s\u0131nda verdikleri a\u011f\u0131r kay\u0131plar\u0131n h\u0131nc\u0131n\u0131 masum sivil insanlara ve hizmet kurumlar\u0131na kar\u015f\u0131 gaddar sald\u0131r\u0131lar\u0131 s\u00fcrmekle almaya \u00e7al\u0131\u015f\u0131yor.<\/p>\n<p><span style=\"color: #0000ff\">\u015eAM:<\/span><\/p>\n<p>\u015eam ve Emniyet M\u00fcd\u00fcrl\u00fc\u011f\u00fcnde bir kaynak Do\u011fu \u011euta\u2019da siperlenen ve art\u0131k herkes taraf\u0131ndan bilinen d\u0131\u015f g\u00fc\u00e7lerden komuta alan tekfirci ter\u00f6ristlerin iki g\u00fcnd\u00fcr ba\u015fkent \u015eam\u2019\u0131n muhtelif sivil yerle\u015fim alanlar\u0131n\u0131 geli\u015fig\u00fczel bir \u015fekilde f\u00fcze ya\u011fmuruna tuttuklar\u0131na dikkat \u00e7ekti.<\/p>\n<p>Kaynak \u015eam\u2019\u0131n muhtelif b\u00f6lgelerine d\u00fc\u015fen ter\u00f6r f\u00fczeleri sonucunda \u00f6zel ve kamu m\u00fclklerde maddi hasarlar\u0131n meydana geldi\u011fini ifade ederken Beramke Semtinde \u015eam \u00dcniversitesi rekt\u00f6rl\u00fck binas\u0131na da bir f\u00fczenin d\u00fc\u015ft\u00fc\u011f\u00fcn\u00fc aktard\u0131. Ter\u00f6r f\u00fczesinde 2 ki\u015finin yaraland\u0131\u011f\u0131n\u0131 belirten kaynak, ofiste de b\u00fcy\u00fck maddi hasar\u0131n meydana geldi\u011fine dikkat \u00e7ekti.<\/p>\n<p>Kaynak ter\u00f6ristlerin d\u00fcn \u015eam\u2019\u0131n muhtelif alanlar\u0131n\u0131 gaddarca hedef alan geli\u015fig\u00fczel sald\u0131r\u0131nda 1 kad\u0131n\u0131n \u015fehit d\u00fc\u015ft\u00fc\u011f\u00fcn\u00fc, aralar\u0131nda 3 \u00e7ocu\u011fun bulundu\u011fu 17 vatanda\u015f\u0131n da yaraland\u0131\u011f\u0131n\u0131 s\u00f6yledi.<\/p>\n<div id='gallery-1' class='gallery galleryid-110365 gallery-columns-3 gallery-size-thumbnail'><figure class='gallery-item'>\n\t\t\t<div class='gallery-icon landscape'>\n\t\t\t\t<a href='https:\/\/archive.sana.sy\/tr\/wp-content\/uploads\/2017\/04\/havan-sald\u0131r\u0131s\u0131-1-1.jpg'><img loading=\"lazy\" decoding=\"async\" width=\"150\" height=\"75\" src=\"https:\/\/archive.sana.sy\/tr\/wp-content\/uploads\/2017\/04\/havan-sald\u0131r\u0131s\u0131-1-1-150x75.jpg\" class=\"attachment-thumbnail size-thumbnail\" alt=\"\" srcset=\"https:\/\/archive.sana.sy\/tr\/wp-content\/uploads\/2017\/04\/havan-sald\u0131r\u0131s\u0131-1-1-150x75.jpg 150w, https:\/\/archive.sana.sy\/tr\/wp-content\/uploads\/2017\/04\/havan-sald\u0131r\u0131s\u0131-1-1-300x150.jpg 300w, https:\/\/archive.sana.sy\/tr\/wp-content\/uploads\/2017\/04\/havan-sald\u0131r\u0131s\u0131-1-1.jpg 660w\" sizes=\"auto, (max-width: 150px) 100vw, 150px\" \/><\/a>\n\t\t\t<\/div><\/figure><figure class='gallery-item'>\n\t\t\t<div class='gallery-icon landscape'>\n\t\t\t\t<a href='https:\/\/archive.sana.sy\/tr\/wp-content\/uploads\/2017\/04\/havan-sald\u0131r\u0131s\u0131-4.jpg'><img loading=\"lazy\" decoding=\"async\" width=\"150\" height=\"100\" src=\"https:\/\/archive.sana.sy\/tr\/wp-content\/uploads\/2017\/04\/havan-sald\u0131r\u0131s\u0131-4-150x100.jpg\" class=\"attachment-thumbnail size-thumbnail\" alt=\"\" srcset=\"https:\/\/archive.sana.sy\/tr\/wp-content\/uploads\/2017\/04\/havan-sald\u0131r\u0131s\u0131-4-150x100.jpg 150w, https:\/\/archive.sana.sy\/tr\/wp-content\/uploads\/2017\/04\/havan-sald\u0131r\u0131s\u0131-4-300x200.jpg 300w, https:\/\/archive.sana.sy\/tr\/wp-content\/uploads\/2017\/04\/havan-sald\u0131r\u0131s\u0131-4-310x205.jpg 310w, https:\/\/archive.sana.sy\/tr\/wp-content\/uploads\/2017\/04\/havan-sald\u0131r\u0131s\u0131-4.jpg 660w\" sizes=\"auto, (max-width: 150px) 100vw, 150px\" \/><\/a>\n\t\t\t<\/div><\/figure><figure class='gallery-item'>\n\t\t\t<div class='gallery-icon landscape'>\n\t\t\t\t<a href='https:\/\/archive.sana.sy\/tr\/wp-content\/uploads\/2017\/04\/havan-sald\u0131r\u0131s\u0131-3.jpg'><img loading=\"lazy\" decoding=\"async\" width=\"150\" height=\"100\" src=\"https:\/\/archive.sana.sy\/tr\/wp-content\/uploads\/2017\/04\/havan-sald\u0131r\u0131s\u0131-3-150x100.jpg\" class=\"attachment-thumbnail size-thumbnail\" alt=\"\" srcset=\"https:\/\/archive.sana.sy\/tr\/wp-content\/uploads\/2017\/04\/havan-sald\u0131r\u0131s\u0131-3-150x100.jpg 150w, https:\/\/archive.sana.sy\/tr\/wp-content\/uploads\/2017\/04\/havan-sald\u0131r\u0131s\u0131-3-300x200.jpg 300w, https:\/\/archive.sana.sy\/tr\/wp-content\/uploads\/2017\/04\/havan-sald\u0131r\u0131s\u0131-3-310x205.jpg 310w, https:\/\/archive.sana.sy\/tr\/wp-content\/uploads\/2017\/04\/havan-sald\u0131r\u0131s\u0131-3.jpg 660w\" sizes=\"auto, (max-width: 150px) 100vw, 150px\" \/><\/a>\n\t\t\t<\/div><\/figure><figure class='gallery-item'>\n\t\t\t<div class='gallery-icon landscape'>\n\t\t\t\t<a href='https:\/\/archive.sana.sy\/tr\/wp-content\/uploads\/2017\/04\/havan-sald\u0131r\u0131s\u0131-8.jpg'><img loading=\"lazy\" decoding=\"async\" width=\"150\" height=\"100\" src=\"https:\/\/archive.sana.sy\/tr\/wp-content\/uploads\/2017\/04\/havan-sald\u0131r\u0131s\u0131-8-150x100.jpg\" class=\"attachment-thumbnail size-thumbnail\" alt=\"\" srcset=\"https:\/\/archive.sana.sy\/tr\/wp-content\/uploads\/2017\/04\/havan-sald\u0131r\u0131s\u0131-8-150x100.jpg 150w, https:\/\/archive.sana.sy\/tr\/wp-content\/uploads\/2017\/04\/havan-sald\u0131r\u0131s\u0131-8-300x200.jpg 300w, https:\/\/archive.sana.sy\/tr\/wp-content\/uploads\/2017\/04\/havan-sald\u0131r\u0131s\u0131-8-310x205.jpg 310w, https:\/\/archive.sana.sy\/tr\/wp-content\/uploads\/2017\/04\/havan-sald\u0131r\u0131s\u0131-8.jpg 660w\" sizes=\"auto, (max-width: 150px) 100vw, 150px\" \/><\/a>\n\t\t\t<\/div><\/figure><figure class='gallery-item'>\n\t\t\t<div class='gallery-icon landscape'>\n\t\t\t\t<a href='https:\/\/archive.sana.sy\/tr\/wp-content\/uploads\/2017\/04\/havan-sald\u0131r\u0131s\u0131-7.jpg'><img loading=\"lazy\" decoding=\"async\" width=\"150\" height=\"100\" src=\"https:\/\/archive.sana.sy\/tr\/wp-content\/uploads\/2017\/04\/havan-sald\u0131r\u0131s\u0131-7-150x100.jpg\" class=\"attachment-thumbnail size-thumbnail\" alt=\"\" srcset=\"https:\/\/archive.sana.sy\/tr\/wp-content\/uploads\/2017\/04\/havan-sald\u0131r\u0131s\u0131-7-150x100.jpg 150w, https:\/\/archive.sana.sy\/tr\/wp-content\/uploads\/2017\/04\/havan-sald\u0131r\u0131s\u0131-7-300x200.jpg 300w, https:\/\/archive.sana.sy\/tr\/wp-content\/uploads\/2017\/04\/havan-sald\u0131r\u0131s\u0131-7-310x205.jpg 310w, https:\/\/archive.sana.sy\/tr\/wp-content\/uploads\/2017\/04\/havan-sald\u0131r\u0131s\u0131-7.jpg 661w\" sizes=\"auto, (max-width: 150px) 100vw, 150px\" \/><\/a>\n\t\t\t<\/div><\/figure><figure class='gallery-item'>\n\t\t\t<div class='gallery-icon landscape'>\n\t\t\t\t<a href='https:\/\/archive.sana.sy\/tr\/wp-content\/uploads\/2017\/04\/havan-sald\u0131r\u0131s\u0131-6.jpg'><img loading=\"lazy\" decoding=\"async\" width=\"150\" height=\"100\" src=\"https:\/\/archive.sana.sy\/tr\/wp-content\/uploads\/2017\/04\/havan-sald\u0131r\u0131s\u0131-6-150x100.jpg\" class=\"attachment-thumbnail size-thumbnail\" alt=\"\" srcset=\"https:\/\/archive.sana.sy\/tr\/wp-content\/uploads\/2017\/04\/havan-sald\u0131r\u0131s\u0131-6-150x100.jpg 150w, https:\/\/archive.sana.sy\/tr\/wp-content\/uploads\/2017\/04\/havan-sald\u0131r\u0131s\u0131-6-300x200.jpg 300w, https:\/\/archive.sana.sy\/tr\/wp-content\/uploads\/2017\/04\/havan-sald\u0131r\u0131s\u0131-6-310x205.jpg 310w, https:\/\/archive.sana.sy\/tr\/wp-content\/uploads\/2017\/04\/havan-sald\u0131r\u0131s\u0131-6.jpg 660w\" sizes=\"auto, (max-width: 150px) 100vw, 150px\" \/><\/a>\n\t\t\t<\/div><\/figure><figure class='gallery-item'>\n\t\t\t<div class='gallery-icon landscape'>\n\t\t\t\t<a href='https:\/\/archive.sana.sy\/tr\/wp-content\/uploads\/2017\/04\/havan-sald\u0131r\u0131s\u0131-5.jpg'><img loading=\"lazy\" decoding=\"async\" width=\"150\" height=\"100\" src=\"https:\/\/archive.sana.sy\/tr\/wp-content\/uploads\/2017\/04\/havan-sald\u0131r\u0131s\u0131-5-150x100.jpg\" class=\"attachment-thumbnail size-thumbnail\" alt=\"\" srcset=\"https:\/\/archive.sana.sy\/tr\/wp-content\/uploads\/2017\/04\/havan-sald\u0131r\u0131s\u0131-5-150x100.jpg 150w, https:\/\/archive.sana.sy\/tr\/wp-content\/uploads\/2017\/04\/havan-sald\u0131r\u0131s\u0131-5-300x200.jpg 300w, https:\/\/archive.sana.sy\/tr\/wp-content\/uploads\/2017\/04\/havan-sald\u0131r\u0131s\u0131-5-310x205.jpg 310w, https:\/\/archive.sana.sy\/tr\/wp-content\/uploads\/2017\/04\/havan-sald\u0131r\u0131s\u0131-5.jpg 660w\" sizes=\"auto, (max-width: 150px) 100vw, 150px\" \/><\/a>\n\t\t\t<\/div><\/figure>\n\t\t<\/div>\n\n<p>https:\/\/www.youtube.com\/watch?v=LogddxO7j7o<\/p>\n<p><span style=\"color: #0000ff\">HAMA:<\/span><\/p>\n<p>Hama Emniyet M\u00fcd\u00fcrl\u00fc\u011f\u00fcnde bir kaynak ise benzer bir a\u00e7\u0131klamada; Hama k\u0131rsal\u0131nda yay\u0131lan ve saflar\u0131nda \u00e7ok say\u0131da yabanc\u0131 ter\u00f6risti bar\u0131nd\u0131r\u0131p T\u00fcrkiye rejiminden destek alan eli kanl\u0131 tekfirci ter\u00f6ristlerin Hama \u0130line tabi Mharde ve Selhab kentlerine f\u00fcze, roket ve patlay\u0131c\u0131 mermilerle sald\u0131r\u0131lar\u0131n\u0131 s\u00fcrd\u00fcrd\u00fcklerini s\u00f6yledi.<\/p>\n<p>Kaynak ter\u00f6r sald\u0131r\u0131lar\u0131nda Mharde Kentinde 1 vatanda\u015f\u0131n \u015fehit d\u00fc\u015ft\u00fc\u011f\u00fcn\u00fc belirtirken, Selhab Kentinde ise sadece maddi hasarlar\u0131n meydana geldi\u011fini aktard\u0131.<\/p>\n<p><span style=\"color: #0000ff\">\u0130DL\u0130B:<\/span><\/p>\n<p>Di\u011fer yandan Erdo\u011fan ve Al Suud rejimlerine tabi olan Nusra Cephesi ve \u00e7at\u0131s\u0131 alt\u0131ndaki ter\u00f6r \u00f6rg\u00fctlerin y\u0131llard\u0131r ku\u015fatma alt\u0131nda tutup her t\u00fcrl\u00fc g\u0131da ve t\u0131bbi yard\u0131m\u0131 engelledikleri \u0130dlib k\u0131rsal\u0131n\u0131n kuzeyinde yer alan Fua Beldesinden yerel kaynaklar; civar b\u00f6lgelerde bulunan ter\u00f6ristlerin bug\u00fcn yine beldeyi roket ya\u011fmuruna tuttuklar\u0131n\u0131 aktard\u0131.<\/p>\n<p>Kaynaklar ter\u00f6ristlerin sivil evleri hedef alan sald\u0131r\u0131lar\u0131 sonucunda bir adam ve bir kad\u0131n\u0131n yaraland\u0131klar\u0131n\u0131, evlerde ciddi maddi hasar\u0131n olu\u015ftu\u011funu belirtti.<\/p>\n","protected":false},"excerpt":{"rendered":"<p>\u0130LLER \u2013 Erdo\u011fan, Al Suud ve benzeri Suriye d\u00fc\u015fman\u0131 rejimlerin destek ve komutas\u0131nda faaliyet g\u00f6steren ter\u00f6r \u00f6rg\u00fctleri \u00f6zellikle son zamanlarda ordu birliklerimiz kar\u015f\u0131s\u0131nda verdikleri a\u011f\u0131r kay\u0131plar\u0131n h\u0131nc\u0131n\u0131 masum sivil insanlara ve hizmet kurumlar\u0131na kar\u015f\u0131 gaddar sald\u0131r\u0131lar\u0131 s\u00fcrmekle almaya \u00e7al\u0131\u015f\u0131yor. \u015eAM: \u015eam ve Emniyet M\u00fcd\u00fcrl\u00fc\u011f\u00fcnde bir kaynak Do\u011fu \u011euta\u2019da siperlenen ve art\u0131k herkes taraf\u0131ndan bilinen d\u0131\u015f &hellip;<\/p>\n","protected":false},"author":1,"featured_media":110366,"comment_status":"closed","ping_status":"closed","sticky":false,"template":"","format":"standard","meta":{"footnotes":""},"categories":[596,479,575,17988,478],"tags":[28824],"class_list":["post-110365","post","type-post","status-publish","format-standard","has-post-thumbnail","","category-fotografli-raporlar","category-haberler-yerel","category-olaylar-ve-gercekler","category-son-haberler","category-yerel","tag-teroristler-ve-isverenleri-basarisizliklarinin-hincini-sivillerden-aliyor"],"_links":{"self":[{"href":"https:\/\/archive.sana.sy\/tr\/index.php?rest_route=\/wp\/v2\/posts\/110365","targetHints":{"allow":["GET"]}}],"collection":[{"href":"https:\/\/archive.sana.sy\/tr\/index.php?rest_route=\/wp\/v2\/posts"}],"about":[{"href":"https:\/\/archive.sana.sy\/tr\/index.php?rest_route=\/wp\/v2\/types\/post"}],"author":[{"embeddable":true,"href":"https:\/\/archive.sana.sy\/tr\/index.php?rest_route=\/wp\/v2\/users\/1"}],"replies":[{"embeddable":true,"href":"https:\/\/archive.sana.sy\/tr\/index.php?rest_route=%2Fwp%2Fv2%2Fcomments&post=110365"}],"version-history":[{"count":0,"href":"https:\/\/archive.sana.sy\/tr\/index.php?rest_route=\/wp\/v2\/posts\/110365\/revisions"}],"wp:featuredmedia":[{"embeddable":true,"href":"https:\/\/archive.sana.sy\/tr\/index.php?rest_route=\/wp\/v2\/media\/110366"}],"wp:attachment":[{"href":"https:\/\/archive.sana.sy\/tr\/index.php?rest_route=%2Fwp%2Fv2%2Fmedia&parent=110365"}],"wp:term":[{"taxonomy":"category","embeddable":true,"href":"https:\/\/archive.sana.sy\/tr\/index.php?rest_route=%2Fwp%2Fv2%2Fcategories&post=110365"},{"taxonomy":"post_tag","embeddable":true,"href":"https:\/\/archive.sana.sy\/tr\/index.php?rest_route=%2Fwp%2Fv2%2Ftags&post=110365"}],"curies":[{"name":"wp","href":"https:\/\/api.w.org\/{rel}","templated":true}]}}