{"id":110371,"date":"2017-04-05T15:42:58","date_gmt":"2017-04-05T12:42:58","guid":{"rendered":"http:\/\/www.sana.sy\/tr\/?p=110371"},"modified":"2017-04-07T15:38:28","modified_gmt":"2017-04-07T12:38:28","slug":"el-esad-2-kanunnameyi-onayladi-2","status":"publish","type":"post","link":"https:\/\/archive.sana.sy\/tr\/?p=110371","title":{"rendered":"El Esad 2 Kanunnameyi Onaylad\u0131"},"content":{"rendered":"<p>\u015eAM \u2013 Cumhurba\u015fkan\u0131 Be\u015f\u015far el Esad bug\u00fcn, daha \u00f6nce Halk Meclisi ve kabine taraf\u0131ndan tart\u0131\u015f\u0131p onaylanmalar\u0131 ard\u0131ndan Cumhurba\u015fkanl\u0131\u011fa sevk edilen iki kanunnameyi onaylad\u0131.<\/p>\n<p>El Esad\u2019\u0131n onaylad\u0131\u011f\u0131 2017\/15 say\u0131l\u0131 kanunname; sosyal sigortalar kurumuna bor\u00e7lu olanlar\u0131n, bu bor\u00e7lar\u0131 31-12-217 tarihine dek \u00f6demeleri halinde t\u00fcm faiz ve cezalardan muaf tutulmalar\u0131n\u0131 \u00f6ng\u00f6r\u00fcyor.<\/p>\n<p>2017\/17 say\u0131l\u0131 kanunname ise; a\u00e7\u0131k \u00f6\u011fretimden mezun olan ve kamu sa\u011fl\u0131k kurumlar\u0131nda g\u00f6rev yapan hem\u015firelerin \u00fcniversite mezunu birinci dereceden memurlar olarak kabul edilmelerini \u00f6ng\u00f6r\u00fcyor.<\/p>\n","protected":false},"excerpt":{"rendered":"<p>\u015eAM \u2013 Cumhurba\u015fkan\u0131 Be\u015f\u015far el Esad bug\u00fcn, daha \u00f6nce Halk Meclisi ve kabine taraf\u0131ndan tart\u0131\u015f\u0131p onaylanmalar\u0131 ard\u0131ndan Cumhurba\u015fkanl\u0131\u011fa sevk edilen iki kanunnameyi onaylad\u0131. El Esad\u2019\u0131n onaylad\u0131\u011f\u0131 2017\/15 say\u0131l\u0131 kanunname; sosyal sigortalar kurumuna bor\u00e7lu olanlar\u0131n, bu bor\u00e7lar\u0131 31-12-217 tarihine dek \u00f6demeleri halinde t\u00fcm faiz ve cezalardan muaf tutulmalar\u0131n\u0131 \u00f6ng\u00f6r\u00fcyor. 2017\/17 say\u0131l\u0131 kanunname ise; a\u00e7\u0131k \u00f6\u011fretimden mezun &hellip;<\/p>\n","protected":false},"author":1,"featured_media":56583,"comment_status":"closed","ping_status":"closed","sticky":false,"template":"","format":"standard","meta":{"footnotes":""},"categories":[605,17988,612,599,478],"tags":[28829,28827,28828,28688],"class_list":["post-110371","post","type-post","status-publish","format-standard","has-post-thumbnail","","category-sayin-cumhurbaskani","category-son-haberler","category-yasama-kararnameler","category-yasama-ve-kanunlar","category-yerel","tag-bu-borclari-31-12-217-tarihine-dek-odemeleri-halinde-tum-faiz-ve-cezalardan-muaf-tutulmalarini-ongoruyor","tag-el-esad-2-kanunnameyi-onayladi","tag-el-esadin-onayladigi-201715-sayili-kanunname-sosyal-sigortalar-kurumuna-borclu-olanlarin","tag-sam-cumhurbaskani-bessar-el-esad-bugun"],"_links":{"self":[{"href":"https:\/\/archive.sana.sy\/tr\/index.php?rest_route=\/wp\/v2\/posts\/110371","targetHints":{"allow":["GET"]}}],"collection":[{"href":"https:\/\/archive.sana.sy\/tr\/index.php?rest_route=\/wp\/v2\/posts"}],"about":[{"href":"https:\/\/archive.sana.sy\/tr\/index.php?rest_route=\/wp\/v2\/types\/post"}],"author":[{"embeddable":true,"href":"https:\/\/archive.sana.sy\/tr\/index.php?rest_route=\/wp\/v2\/users\/1"}],"replies":[{"embeddable":true,"href":"https:\/\/archive.sana.sy\/tr\/index.php?rest_route=%2Fwp%2Fv2%2Fcomments&post=110371"}],"version-history":[{"count":0,"href":"https:\/\/archive.sana.sy\/tr\/index.php?rest_route=\/wp\/v2\/posts\/110371\/revisions"}],"wp:featuredmedia":[{"embeddable":true,"href":"https:\/\/archive.sana.sy\/tr\/index.php?rest_route=\/wp\/v2\/media\/56583"}],"wp:attachment":[{"href":"https:\/\/archive.sana.sy\/tr\/index.php?rest_route=%2Fwp%2Fv2%2Fmedia&parent=110371"}],"wp:term":[{"taxonomy":"category","embeddable":true,"href":"https:\/\/archive.sana.sy\/tr\/index.php?rest_route=%2Fwp%2Fv2%2Fcategories&post=110371"},{"taxonomy":"post_tag","embeddable":true,"href":"https:\/\/archive.sana.sy\/tr\/index.php?rest_route=%2Fwp%2Fv2%2Ftags&post=110371"}],"curies":[{"name":"wp","href":"https:\/\/api.w.org\/{rel}","templated":true}]}}