{"id":110376,"date":"2017-04-05T10:15:03","date_gmt":"2017-04-05T07:15:03","guid":{"rendered":"http:\/\/www.sana.sy\/tr\/?p=110376"},"modified":"2017-04-07T15:40:39","modified_gmt":"2017-04-07T12:40:39","slug":"tamamen-provokator-bir-adim","status":"publish","type":"post","link":"https:\/\/archive.sana.sy\/tr\/?p=110376","title":{"rendered":"Tamamen Provokat\u00f6r Bir Ad\u0131m"},"content":{"rendered":"<p>MOSKOVA \u2013 Rusya D\u0131\u015fi\u015fleri Bakanl\u0131\u011f\u0131na yak\u0131n bir kaynak; \u201c\u0130dlib k\u0131rsal\u0131nda kimyasal silah kulland\u0131\u011f\u0131\u201d y\u00f6n\u00fcnde Suriye&#8217;ye kar\u015f\u0131 y\u00fcr\u00fct\u00fclen propaganda ve iddialar\u0131n tamamen provokat\u00f6r bir ad\u0131m oldu\u011funu belirtti.<\/p>\n<p>Kaynak bug\u00fcn Moskova\u2019da bas\u0131n mensuplar\u0131na yapt\u0131\u011f\u0131 a\u00e7\u0131klamada; s\u00f6z konusu propaganda ve iddialar\u0131n, Bat\u0131l\u0131lar\u0131n bu ba\u011flamda Birle\u015fmi\u015f Milletler G\u00fcvenlik Konseyine sunduklar\u0131 karar tasar\u0131s\u0131n\u0131n kesinlikle kabul edilemez oldu\u011funu ortaya koydu\u011funa dikkat \u00e7ekti. Rus kaynak bu y\u00f6nde yap\u0131lan propaganda ve provokasyonun irdelenmesi \u00f6nemini ifade etti.<\/p>\n","protected":false},"excerpt":{"rendered":"<p>MOSKOVA \u2013 Rusya D\u0131\u015fi\u015fleri Bakanl\u0131\u011f\u0131na yak\u0131n bir kaynak; \u201c\u0130dlib k\u0131rsal\u0131nda kimyasal silah kulland\u0131\u011f\u0131\u201d y\u00f6n\u00fcnde Suriye&#8217;ye kar\u015f\u0131 y\u00fcr\u00fct\u00fclen propaganda ve iddialar\u0131n tamamen provokat\u00f6r bir ad\u0131m oldu\u011funu belirtti. Kaynak bug\u00fcn Moskova\u2019da bas\u0131n mensuplar\u0131na yapt\u0131\u011f\u0131 a\u00e7\u0131klamada; s\u00f6z konusu propaganda ve iddialar\u0131n, Bat\u0131l\u0131lar\u0131n bu ba\u011flamda Birle\u015fmi\u015f Milletler G\u00fcvenlik Konseyine sunduklar\u0131 karar tasar\u0131s\u0131n\u0131n kesinlikle kabul edilemez oldu\u011funu ortaya koydu\u011funa dikkat &hellip;<\/p>\n","protected":false},"author":1,"featured_media":62713,"comment_status":"closed","ping_status":"closed","sticky":false,"template":"","format":"standard","meta":{"footnotes":""},"categories":[458,459,17988],"tags":[28830],"class_list":["post-110376","post","type-post","status-publish","format-standard","has-post-thumbnail","","category-dunya1","category-haberler-arap-uluslararasi-politika","category-son-haberler","tag-tamamen-provokator-bir-adim"],"_links":{"self":[{"href":"https:\/\/archive.sana.sy\/tr\/index.php?rest_route=\/wp\/v2\/posts\/110376","targetHints":{"allow":["GET"]}}],"collection":[{"href":"https:\/\/archive.sana.sy\/tr\/index.php?rest_route=\/wp\/v2\/posts"}],"about":[{"href":"https:\/\/archive.sana.sy\/tr\/index.php?rest_route=\/wp\/v2\/types\/post"}],"author":[{"embeddable":true,"href":"https:\/\/archive.sana.sy\/tr\/index.php?rest_route=\/wp\/v2\/users\/1"}],"replies":[{"embeddable":true,"href":"https:\/\/archive.sana.sy\/tr\/index.php?rest_route=%2Fwp%2Fv2%2Fcomments&post=110376"}],"version-history":[{"count":0,"href":"https:\/\/archive.sana.sy\/tr\/index.php?rest_route=\/wp\/v2\/posts\/110376\/revisions"}],"wp:featuredmedia":[{"embeddable":true,"href":"https:\/\/archive.sana.sy\/tr\/index.php?rest_route=\/wp\/v2\/media\/62713"}],"wp:attachment":[{"href":"https:\/\/archive.sana.sy\/tr\/index.php?rest_route=%2Fwp%2Fv2%2Fmedia&parent=110376"}],"wp:term":[{"taxonomy":"category","embeddable":true,"href":"https:\/\/archive.sana.sy\/tr\/index.php?rest_route=%2Fwp%2Fv2%2Fcategories&post=110376"},{"taxonomy":"post_tag","embeddable":true,"href":"https:\/\/archive.sana.sy\/tr\/index.php?rest_route=%2Fwp%2Fv2%2Ftags&post=110376"}],"curies":[{"name":"wp","href":"https:\/\/api.w.org\/{rel}","templated":true}]}}