{"id":110377,"date":"2017-04-05T15:52:25","date_gmt":"2017-04-05T12:52:25","guid":{"rendered":"http:\/\/www.sana.sy\/tr\/?p=110377"},"modified":"2017-04-05T15:52:25","modified_gmt":"2017-04-05T12:52:25","slug":"arap-eczacilar-federasyonu-suriye-heyetinin-katilimiyla-kahirede-30-konferans-calismalarini-tamamladi","status":"publish","type":"post","link":"https:\/\/archive.sana.sy\/tr\/?p=110377","title":{"rendered":"Arap Eczac\u0131lar Federasyonu Suriye heyetinin kat\u0131l\u0131m\u0131yla Kahire&#8217;de 30. Konferans \u00e7al\u0131\u015fmalar\u0131n\u0131 tamamlad\u0131"},"content":{"rendered":"<p>Arap Eczac\u0131lar Federasyonu Suriye heyetinin kat\u0131l\u0131m\u0131yla Kahire&#8217;de 30. Konferans \u00e7al\u0131\u015fmalar\u0131n\u0131 tamamlad\u0131<\/p>\n<p>&nbsp;<\/p>\n","protected":false},"excerpt":{"rendered":"<p>Arap Eczac\u0131lar Federasyonu Suriye heyetinin kat\u0131l\u0131m\u0131yla Kahire&#8217;de 30. Konferans \u00e7al\u0131\u015fmalar\u0131n\u0131 tamamlad\u0131 &nbsp;<\/p>\n","protected":false},"author":1,"featured_media":110381,"comment_status":"closed","ping_status":"closed","sticky":false,"template":"","format":"standard","meta":{"footnotes":""},"categories":[573],"tags":[],"class_list":["post-110377","post","type-post","status-publish","format-standard","has-post-thumbnail","","category-goruntulu-olaylar"],"_links":{"self":[{"href":"https:\/\/archive.sana.sy\/tr\/index.php?rest_route=\/wp\/v2\/posts\/110377","targetHints":{"allow":["GET"]}}],"collection":[{"href":"https:\/\/archive.sana.sy\/tr\/index.php?rest_route=\/wp\/v2\/posts"}],"about":[{"href":"https:\/\/archive.sana.sy\/tr\/index.php?rest_route=\/wp\/v2\/types\/post"}],"author":[{"embeddable":true,"href":"https:\/\/archive.sana.sy\/tr\/index.php?rest_route=\/wp\/v2\/users\/1"}],"replies":[{"embeddable":true,"href":"https:\/\/archive.sana.sy\/tr\/index.php?rest_route=%2Fwp%2Fv2%2Fcomments&post=110377"}],"version-history":[{"count":0,"href":"https:\/\/archive.sana.sy\/tr\/index.php?rest_route=\/wp\/v2\/posts\/110377\/revisions"}],"wp:featuredmedia":[{"embeddable":true,"href":"https:\/\/archive.sana.sy\/tr\/index.php?rest_route=\/wp\/v2\/media\/110381"}],"wp:attachment":[{"href":"https:\/\/archive.sana.sy\/tr\/index.php?rest_route=%2Fwp%2Fv2%2Fmedia&parent=110377"}],"wp:term":[{"taxonomy":"category","embeddable":true,"href":"https:\/\/archive.sana.sy\/tr\/index.php?rest_route=%2Fwp%2Fv2%2Fcategories&post=110377"},{"taxonomy":"post_tag","embeddable":true,"href":"https:\/\/archive.sana.sy\/tr\/index.php?rest_route=%2Fwp%2Fv2%2Ftags&post=110377"}],"curies":[{"name":"wp","href":"https:\/\/api.w.org\/{rel}","templated":true}]}}