{"id":11044,"date":"2014-09-23T23:59:20","date_gmt":"2014-09-23T20:59:20","guid":{"rendered":"http:\/\/www.sana.sy\/tr\/?p=11044"},"modified":"2014-09-24T15:30:52","modified_gmt":"2014-09-24T12:30:52","slug":"esad-uluslararasi-cabalarin-basarili-olmasi-icin-terore-destek-kesilmelidir","status":"publish","type":"post","link":"https:\/\/archive.sana.sy\/tr\/?p=11044","title":{"rendered":"Esad: Uluslararas\u0131 \u00c7abalar\u0131n Ba\u015far\u0131l\u0131 Olmas\u0131 \u0130\u00e7in Ter\u00f6re Destek Kesilmelidir"},"content":{"rendered":"<p>\u015eAM \u2013 Cumhurba\u015fkan\u0131 Be\u015f\u015far el Esad Irak Ba\u015fbakan\u0131 Haydar Abbadi\u2019nin Temsilcisi ve Irak Ulusal G\u00fcvenlik M\u00fcste\u015far\u0131 Falih Fayyad\u2019\u0131 kabul etti.<\/p>\n<p>Ter\u00f6rle m\u00fccadelede ama\u00e7l\u0131 olarak harcanan \u00e7abalar\u0131n ele al\u0131nd\u0131\u011f\u0131 g\u00f6r\u00fc\u015fmede Abbadi; bu ba\u011flamda al\u0131nan son tertibatlar hakk\u0131nda el Esad\u2019a bilgi aktard\u0131.<\/p>\n<p><a href=\"http:\/\/www.sana.sy\/tr\/wp-content\/uploads\/2014\/09\/Esad6.jpg\"><img loading=\"lazy\" decoding=\"async\" class=\"alignright wp-image-11070 size-medium\" src=\"http:\/\/www.sana.sy\/tr\/wp-content\/uploads\/2014\/09\/Esad6-288x300.jpg\" alt=\"Esad\" width=\"288\" height=\"300\" srcset=\"https:\/\/archive.sana.sy\/tr\/wp-content\/uploads\/2014\/09\/Esad6-288x300.jpg 288w, https:\/\/archive.sana.sy\/tr\/wp-content\/uploads\/2014\/09\/Esad6-144x150.jpg 144w, https:\/\/archive.sana.sy\/tr\/wp-content\/uploads\/2014\/09\/Esad6-986x1024.jpg 986w\" sizes=\"auto, (max-width: 288px) 100vw, 288px\" \/><\/a>\u0130ki taraf ter\u00f6rle m\u00fccadele \u00e7abalar\u0131n\u0131n ba\u015far\u0131l\u0131 olmas\u0131 ve muhtelif adland\u0131rmalar\u0131yla t\u00fcm ter\u00f6r \u00f6rg\u00fctlerin bertaraf edilmesi i\u00e7in \u00f6n\u00fcm\u00fczdeki s\u00fcre\u00e7 i\u00e7inde at\u0131lacak ad\u0131mlar ve m\u00fcmk\u00fcn olanaklar de\u011ferlendirildi.<\/p>\n<p>G\u00f6r\u00fc\u015fmede el Esad; Suriye&#8217;nin y\u0131llardan beri t\u00fcm \u015fekilleriyle tekfirci ter\u00f6re kar\u015f\u0131 sava\u015f\u0131n\u0131 kararl\u0131l\u0131k ve azimle s\u00fcrd\u00fcrmeye devam edece\u011fini vurgulad\u0131.<\/p>\n<p>Cumhurba\u015fkan\u0131 el Esad ter\u00f6rle m\u00fccadeleye hizmet edecek herhangi bir uluslar aras\u0131 \u00e7abaya Suriye&#8217;nin deste\u011fini ifade ederken, bu \u00e7abalar\u0131n ba\u015far\u0131l\u0131 olmas\u0131 i\u00e7in t\u00fcm \u00f6nemine ra\u011fmen sadece askeri operasyonlarla ba\u011flant\u0131l\u0131 olmad\u0131\u011f\u0131n\u0131n alt\u0131n\u0131 \u00e7izdi. Ter\u00f6rle m\u00fccadelenin ba\u015far\u0131l\u0131 olmas\u0131 i\u00e7in devletlerin ilgili uluslar aras\u0131 kararlar, kanunlar ve misaka ba\u011fl\u0131 kalmalar\u0131n\u0131n ka\u00e7\u0131n\u0131lmaz oldu\u011funa dikkat \u00e7eken el Esad; dolay\u0131s\u0131yla ter\u00f6r \u00f6rg\u00fctlere yap\u0131lan her t\u00fcrl\u00fc deste\u011fin kesilmesi \u00f6nemini ifade etti.<\/p>\n<p>\u0130ki taraf ter\u00f6r tehlikesine kar\u015f\u0131 m\u00fccadelede Suriye ve Irak y\u00f6netimleri aras\u0131nda koordinasyon ve i\u015fbirli\u011finin s\u00fcrd\u00fcr\u00fclmesi gere\u011fini belirterek, mevcut koordinasyonun iki karde\u015f \u00fclke ve b\u00f6lge halklar\u0131na bulundu\u011fu olumlu yans\u0131malara i\u015faret etti.<\/p>\n","protected":false},"excerpt":{"rendered":"<p>\u015eAM \u2013 Cumhurba\u015fkan\u0131 Be\u015f\u015far el Esad Irak Ba\u015fbakan\u0131 Haydar Abbadi\u2019nin Temsilcisi ve Irak Ulusal G\u00fcvenlik M\u00fcste\u015far\u0131 Falih Fayyad\u2019\u0131 kabul etti. Ter\u00f6rle m\u00fccadelede ama\u00e7l\u0131 olarak harcanan \u00e7abalar\u0131n ele al\u0131nd\u0131\u011f\u0131 g\u00f6r\u00fc\u015fmede Abbadi; bu ba\u011flamda al\u0131nan son tertibatlar hakk\u0131nda el Esad\u2019a bilgi aktard\u0131. \u0130ki taraf ter\u00f6rle m\u00fccadele \u00e7abalar\u0131n\u0131n ba\u015far\u0131l\u0131 olmas\u0131 ve muhtelif adland\u0131rmalar\u0131yla t\u00fcm ter\u00f6r \u00f6rg\u00fctlerin bertaraf edilmesi &hellip;<\/p>\n","protected":false},"author":1,"featured_media":11045,"comment_status":"closed","ping_status":"closed","sticky":false,"template":"","format":"standard","meta":{"footnotes":""},"categories":[608,479,605,478],"tags":[2660],"class_list":["post-11044","post","type-post","status-publish","format-standard","has-post-thumbnail","","category-etkinlikler","category-haberler-yerel","category-sayin-cumhurbaskani","category-yerel","tag-esad-uluslararasi-cabalarin-basarili-olmasi-icin-terore-destek-kesilmelidir"],"_links":{"self":[{"href":"https:\/\/archive.sana.sy\/tr\/index.php?rest_route=\/wp\/v2\/posts\/11044","targetHints":{"allow":["GET"]}}],"collection":[{"href":"https:\/\/archive.sana.sy\/tr\/index.php?rest_route=\/wp\/v2\/posts"}],"about":[{"href":"https:\/\/archive.sana.sy\/tr\/index.php?rest_route=\/wp\/v2\/types\/post"}],"author":[{"embeddable":true,"href":"https:\/\/archive.sana.sy\/tr\/index.php?rest_route=\/wp\/v2\/users\/1"}],"replies":[{"embeddable":true,"href":"https:\/\/archive.sana.sy\/tr\/index.php?rest_route=%2Fwp%2Fv2%2Fcomments&post=11044"}],"version-history":[{"count":0,"href":"https:\/\/archive.sana.sy\/tr\/index.php?rest_route=\/wp\/v2\/posts\/11044\/revisions"}],"wp:featuredmedia":[{"embeddable":true,"href":"https:\/\/archive.sana.sy\/tr\/index.php?rest_route=\/wp\/v2\/media\/11045"}],"wp:attachment":[{"href":"https:\/\/archive.sana.sy\/tr\/index.php?rest_route=%2Fwp%2Fv2%2Fmedia&parent=11044"}],"wp:term":[{"taxonomy":"category","embeddable":true,"href":"https:\/\/archive.sana.sy\/tr\/index.php?rest_route=%2Fwp%2Fv2%2Fcategories&post=11044"},{"taxonomy":"post_tag","embeddable":true,"href":"https:\/\/archive.sana.sy\/tr\/index.php?rest_route=%2Fwp%2Fv2%2Ftags&post=11044"}],"curies":[{"name":"wp","href":"https:\/\/api.w.org\/{rel}","templated":true}]}}