{"id":110473,"date":"2017-04-06T13:16:44","date_gmt":"2017-04-06T10:16:44","guid":{"rendered":"http:\/\/www.sana.sy\/tr\/?p=110473"},"modified":"2017-04-06T14:03:42","modified_gmt":"2017-04-06T11:03:42","slug":"suriyeye-yonelik-bu-suclamalar-ve-hircin-medya-hamlesinin-zamanlamasina-isaret-eden-muallim-bu-hamleyi-yuruten-devletlerin-destekledikleri-ve-ortu-temin-edip-yonlendirdikleri-teroristlerin-de-sam-v","status":"publish","type":"post","link":"https:\/\/archive.sana.sy\/tr\/?p=110473","title":{"rendered":"Suriye&#8217;ye y\u00f6nelik bu su\u00e7lamalar ve h\u0131r\u00e7\u0131n medya hamlesinin zamanlamas\u0131na i\u015faret eden Muallim; bu hamleyi y\u00fcr\u00fcten devletlerin destekledikleri ve \u00f6rt\u00fc temin edip y\u00f6nlendirdikleri ter\u00f6ristlerin de \u015eam ve Hama k\u0131rsallar\u0131nda sivil b\u00f6lgelere ve askeri mevkilere bulunduklar\u0131 geni\u015f \u00e7apl\u0131 sald\u0131r\u0131lara vurgu yapt\u0131"},"content":{"rendered":"<p>Suriye&#8217;ye y\u00f6nelik bu su\u00e7lamalar ve h\u0131r\u00e7\u0131n medya hamlesinin zamanlamas\u0131na i\u015faret eden Muallim; bu hamleyi y\u00fcr\u00fcten devletlerin destekledikleri ve \u00f6rt\u00fc temin edip y\u00f6nlendirdikleri ter\u00f6ristlerin de \u015eam ve Hama k\u0131rsallar\u0131nda sivil b\u00f6lgelere ve askeri mevkilere bulunduklar\u0131 geni\u015f \u00e7apl\u0131 sald\u0131r\u0131lara vurgu yapt\u0131<\/p>\n","protected":false},"excerpt":{"rendered":"<p>Suriye&#8217;ye y\u00f6nelik bu su\u00e7lamalar ve h\u0131r\u00e7\u0131n medya hamlesinin zamanlamas\u0131na i\u015faret eden Muallim; bu hamleyi y\u00fcr\u00fcten devletlerin destekledikleri ve \u00f6rt\u00fc temin edip y\u00f6nlendirdikleri ter\u00f6ristlerin de \u015eam ve Hama k\u0131rsallar\u0131nda sivil b\u00f6lgelere ve askeri mevkilere bulunduklar\u0131 geni\u015f \u00e7apl\u0131 sald\u0131r\u0131lara vurgu yapt\u0131<\/p>\n","protected":false},"author":1,"featured_media":0,"comment_status":"closed","ping_status":"closed","sticky":false,"template":"","format":"standard","meta":{"footnotes":""},"categories":[17991],"tags":[],"class_list":["post-110473","post","type-post","status-publish","format-standard","","category-son-dakika"],"_links":{"self":[{"href":"https:\/\/archive.sana.sy\/tr\/index.php?rest_route=\/wp\/v2\/posts\/110473","targetHints":{"allow":["GET"]}}],"collection":[{"href":"https:\/\/archive.sana.sy\/tr\/index.php?rest_route=\/wp\/v2\/posts"}],"about":[{"href":"https:\/\/archive.sana.sy\/tr\/index.php?rest_route=\/wp\/v2\/types\/post"}],"author":[{"embeddable":true,"href":"https:\/\/archive.sana.sy\/tr\/index.php?rest_route=\/wp\/v2\/users\/1"}],"replies":[{"embeddable":true,"href":"https:\/\/archive.sana.sy\/tr\/index.php?rest_route=%2Fwp%2Fv2%2Fcomments&post=110473"}],"version-history":[{"count":0,"href":"https:\/\/archive.sana.sy\/tr\/index.php?rest_route=\/wp\/v2\/posts\/110473\/revisions"}],"wp:attachment":[{"href":"https:\/\/archive.sana.sy\/tr\/index.php?rest_route=%2Fwp%2Fv2%2Fmedia&parent=110473"}],"wp:term":[{"taxonomy":"category","embeddable":true,"href":"https:\/\/archive.sana.sy\/tr\/index.php?rest_route=%2Fwp%2Fv2%2Fcategories&post=110473"},{"taxonomy":"post_tag","embeddable":true,"href":"https:\/\/archive.sana.sy\/tr\/index.php?rest_route=%2Fwp%2Fv2%2Ftags&post=110473"}],"curies":[{"name":"wp","href":"https:\/\/api.w.org\/{rel}","templated":true}]}}