{"id":110502,"date":"2017-04-06T13:26:13","date_gmt":"2017-04-06T10:26:13","guid":{"rendered":"http:\/\/www.sana.sy\/tr\/?p=110502"},"modified":"2017-04-06T14:14:50","modified_gmt":"2017-04-06T11:14:50","slug":"suriyeye-karsi-kimyasal-silah-kullanimi-propagandasindaki-dezenformasyona-dikkat-ceken-muallim-bu-suclama-propagandasinin-sabah-saat-06-civarinda-basladigini-suriye-hava-guclerinin-ise-bolgede-saa","status":"publish","type":"post","link":"https:\/\/archive.sana.sy\/tr\/?p=110502","title":{"rendered":"Suriye&#8217;ye kar\u015f\u0131 kimyasal silah kullan\u0131m\u0131 propagandas\u0131ndaki dezenformasyona dikkat \u00e7eken Muallim; bu su\u00e7lama propagandas\u0131n\u0131n sabah saat 06 civar\u0131nda ba\u015flad\u0131\u011f\u0131n\u0131, Suriye hava g\u00fc\u00e7lerinin ise b\u00f6lgede saat 11\u2019den sonra operasyonlar d\u00fczelemeye ba\u015flad\u0131\u011f\u0131n\u0131n alt\u0131n\u0131 \u00e7izdi"},"content":{"rendered":"<p>Suriye&#8217;ye kar\u015f\u0131 kimyasal silah kullan\u0131m\u0131 propagandas\u0131ndaki dezenformasyona dikkat \u00e7eken Muallim; bu su\u00e7lama propagandas\u0131n\u0131n sabah saat 06 civar\u0131nda ba\u015flad\u0131\u011f\u0131n\u0131, Suriye hava g\u00fc\u00e7lerinin ise b\u00f6lgede saat 11\u2019den sonra operasyonlar d\u00fczelemeye ba\u015flad\u0131\u011f\u0131n\u0131n alt\u0131n\u0131 \u00e7izdi<\/p>\n","protected":false},"excerpt":{"rendered":"<p>Suriye&#8217;ye kar\u015f\u0131 kimyasal silah kullan\u0131m\u0131 propagandas\u0131ndaki dezenformasyona dikkat \u00e7eken Muallim; bu su\u00e7lama propagandas\u0131n\u0131n sabah saat 06 civar\u0131nda ba\u015flad\u0131\u011f\u0131n\u0131, Suriye hava g\u00fc\u00e7lerinin ise b\u00f6lgede saat 11\u2019den sonra operasyonlar d\u00fczelemeye ba\u015flad\u0131\u011f\u0131n\u0131n alt\u0131n\u0131 \u00e7izdi<\/p>\n","protected":false},"author":1,"featured_media":0,"comment_status":"closed","ping_status":"closed","sticky":false,"template":"","format":"standard","meta":{"footnotes":""},"categories":[17991],"tags":[],"class_list":["post-110502","post","type-post","status-publish","format-standard","","category-son-dakika"],"_links":{"self":[{"href":"https:\/\/archive.sana.sy\/tr\/index.php?rest_route=\/wp\/v2\/posts\/110502","targetHints":{"allow":["GET"]}}],"collection":[{"href":"https:\/\/archive.sana.sy\/tr\/index.php?rest_route=\/wp\/v2\/posts"}],"about":[{"href":"https:\/\/archive.sana.sy\/tr\/index.php?rest_route=\/wp\/v2\/types\/post"}],"author":[{"embeddable":true,"href":"https:\/\/archive.sana.sy\/tr\/index.php?rest_route=\/wp\/v2\/users\/1"}],"replies":[{"embeddable":true,"href":"https:\/\/archive.sana.sy\/tr\/index.php?rest_route=%2Fwp%2Fv2%2Fcomments&post=110502"}],"version-history":[{"count":0,"href":"https:\/\/archive.sana.sy\/tr\/index.php?rest_route=\/wp\/v2\/posts\/110502\/revisions"}],"wp:attachment":[{"href":"https:\/\/archive.sana.sy\/tr\/index.php?rest_route=%2Fwp%2Fv2%2Fmedia&parent=110502"}],"wp:term":[{"taxonomy":"category","embeddable":true,"href":"https:\/\/archive.sana.sy\/tr\/index.php?rest_route=%2Fwp%2Fv2%2Fcategories&post=110502"},{"taxonomy":"post_tag","embeddable":true,"href":"https:\/\/archive.sana.sy\/tr\/index.php?rest_route=%2Fwp%2Fv2%2Ftags&post=110502"}],"curies":[{"name":"wp","href":"https:\/\/api.w.org\/{rel}","templated":true}]}}