{"id":110503,"date":"2017-04-06T13:28:24","date_gmt":"2017-04-06T10:28:24","guid":{"rendered":"http:\/\/www.sana.sy\/tr\/?p=110503"},"modified":"2017-04-06T14:15:09","modified_gmt":"2017-04-06T11:15:09","slug":"muallim-tum-bu-propagandanin-suriye-ve-halkina-karsi-kaide-orgutunun-suriye-kolu-nusra-cephesi-dahil-teroru-edat-olarak-kullanan-devletlerin-bir-plani-oldugunu-belirtti","status":"publish","type":"post","link":"https:\/\/archive.sana.sy\/tr\/?p=110503","title":{"rendered":"Muallim t\u00fcm bu propagandan\u0131n Suriye ve halk\u0131na kar\u015f\u0131 Kaide \u00d6rg\u00fct\u00fcn\u00fcn Suriye kolu Nusra Cephesi dahil ter\u00f6r\u00fc edat olarak kullanan devletlerin bir plan\u0131 oldu\u011funu belirtti"},"content":{"rendered":"<p>Muallim t\u00fcm bu propagandan\u0131n Suriye ve halk\u0131na kar\u015f\u0131 Kaide \u00d6rg\u00fct\u00fcn\u00fcn Suriye kolu Nusra Cephesi dahil ter\u00f6r\u00fc edat olarak kullanan devletlerin bir plan\u0131 oldu\u011funu belirtti<\/p>\n","protected":false},"excerpt":{"rendered":"<p>Muallim t\u00fcm bu propagandan\u0131n Suriye ve halk\u0131na kar\u015f\u0131 Kaide \u00d6rg\u00fct\u00fcn\u00fcn Suriye kolu Nusra Cephesi dahil ter\u00f6r\u00fc edat olarak kullanan devletlerin bir plan\u0131 oldu\u011funu belirtti<\/p>\n","protected":false},"author":1,"featured_media":0,"comment_status":"closed","ping_status":"closed","sticky":false,"template":"","format":"standard","meta":{"footnotes":""},"categories":[17991],"tags":[],"class_list":["post-110503","post","type-post","status-publish","format-standard","","category-son-dakika"],"_links":{"self":[{"href":"https:\/\/archive.sana.sy\/tr\/index.php?rest_route=\/wp\/v2\/posts\/110503","targetHints":{"allow":["GET"]}}],"collection":[{"href":"https:\/\/archive.sana.sy\/tr\/index.php?rest_route=\/wp\/v2\/posts"}],"about":[{"href":"https:\/\/archive.sana.sy\/tr\/index.php?rest_route=\/wp\/v2\/types\/post"}],"author":[{"embeddable":true,"href":"https:\/\/archive.sana.sy\/tr\/index.php?rest_route=\/wp\/v2\/users\/1"}],"replies":[{"embeddable":true,"href":"https:\/\/archive.sana.sy\/tr\/index.php?rest_route=%2Fwp%2Fv2%2Fcomments&post=110503"}],"version-history":[{"count":0,"href":"https:\/\/archive.sana.sy\/tr\/index.php?rest_route=\/wp\/v2\/posts\/110503\/revisions"}],"wp:attachment":[{"href":"https:\/\/archive.sana.sy\/tr\/index.php?rest_route=%2Fwp%2Fv2%2Fmedia&parent=110503"}],"wp:term":[{"taxonomy":"category","embeddable":true,"href":"https:\/\/archive.sana.sy\/tr\/index.php?rest_route=%2Fwp%2Fv2%2Fcategories&post=110503"},{"taxonomy":"post_tag","embeddable":true,"href":"https:\/\/archive.sana.sy\/tr\/index.php?rest_route=%2Fwp%2Fv2%2Ftags&post=110503"}],"curies":[{"name":"wp","href":"https:\/\/api.w.org\/{rel}","templated":true}]}}