{"id":110507,"date":"2017-04-06T13:33:17","date_gmt":"2017-04-06T10:33:17","guid":{"rendered":"http:\/\/www.sana.sy\/tr\/?p=110507"},"modified":"2017-04-06T14:22:16","modified_gmt":"2017-04-06T11:22:16","slug":"muallim-bm-genel-sekreterinin-suriye-ozel-temsilcisi-staffan-de-misturanin-aciklamalarinda-direk-olarak-hava-saldirisi-diye-nitelemesinin-tuhafliga-isaret-etti","status":"publish","type":"post","link":"https:\/\/archive.sana.sy\/tr\/?p=110507","title":{"rendered":"Muallim; BM genel sekreterinin Suriye \u00f6zel temsilcisi Staffan de Mistura\u2019n\u0131n a\u00e7\u0131klamalar\u0131nda direk olarak hava sald\u0131r\u0131s\u0131 diye nitelemesinin tuhafl\u0131\u011fa i\u015faret etti."},"content":{"rendered":"<p>Muallim; BM genel sekreterinin Suriye \u00f6zel temsilcisi Staffan de Mistura\u2019n\u0131n a\u00e7\u0131klamalar\u0131nda direk olarak hava sald\u0131r\u0131s\u0131 diye nitelemesinin tuhafl\u0131\u011fa i\u015faret etti.<\/p>\n","protected":false},"excerpt":{"rendered":"<p>Muallim; BM genel sekreterinin Suriye \u00f6zel temsilcisi Staffan de Mistura\u2019n\u0131n a\u00e7\u0131klamalar\u0131nda direk olarak hava sald\u0131r\u0131s\u0131 diye nitelemesinin tuhafl\u0131\u011fa i\u015faret etti.<\/p>\n","protected":false},"author":1,"featured_media":0,"comment_status":"closed","ping_status":"closed","sticky":false,"template":"","format":"standard","meta":{"footnotes":""},"categories":[17991],"tags":[],"class_list":["post-110507","post","type-post","status-publish","format-standard","","category-son-dakika"],"_links":{"self":[{"href":"https:\/\/archive.sana.sy\/tr\/index.php?rest_route=\/wp\/v2\/posts\/110507","targetHints":{"allow":["GET"]}}],"collection":[{"href":"https:\/\/archive.sana.sy\/tr\/index.php?rest_route=\/wp\/v2\/posts"}],"about":[{"href":"https:\/\/archive.sana.sy\/tr\/index.php?rest_route=\/wp\/v2\/types\/post"}],"author":[{"embeddable":true,"href":"https:\/\/archive.sana.sy\/tr\/index.php?rest_route=\/wp\/v2\/users\/1"}],"replies":[{"embeddable":true,"href":"https:\/\/archive.sana.sy\/tr\/index.php?rest_route=%2Fwp%2Fv2%2Fcomments&post=110507"}],"version-history":[{"count":0,"href":"https:\/\/archive.sana.sy\/tr\/index.php?rest_route=\/wp\/v2\/posts\/110507\/revisions"}],"wp:attachment":[{"href":"https:\/\/archive.sana.sy\/tr\/index.php?rest_route=%2Fwp%2Fv2%2Fmedia&parent=110507"}],"wp:term":[{"taxonomy":"category","embeddable":true,"href":"https:\/\/archive.sana.sy\/tr\/index.php?rest_route=%2Fwp%2Fv2%2Fcategories&post=110507"},{"taxonomy":"post_tag","embeddable":true,"href":"https:\/\/archive.sana.sy\/tr\/index.php?rest_route=%2Fwp%2Fv2%2Ftags&post=110507"}],"curies":[{"name":"wp","href":"https:\/\/api.w.org\/{rel}","templated":true}]}}