{"id":110510,"date":"2017-04-06T13:35:19","date_gmt":"2017-04-06T10:35:19","guid":{"rendered":"http:\/\/www.sana.sy\/tr\/?p=110510"},"modified":"2017-04-06T14:28:19","modified_gmt":"2017-04-06T11:28:19","slug":"son-surec-icinde-muhtelif-bolgelerde-ulusal-uzlasma-cabalarinda-ciddi-basari-ufuklarinin-goruldugune-dikkat-ceken-muallim-teroristlerin-buna-es-zamanli-olarak-saldirilarini-tirmandirmalarina-ilaveten","status":"publish","type":"post","link":"https:\/\/archive.sana.sy\/tr\/?p=110510","title":{"rendered":"Son s\u00fcre\u00e7 i\u00e7inde muhtelif b\u00f6lgelerde ulusal uzla\u015fma \u00e7abalar\u0131nda ciddi ba\u015far\u0131 ufuklar\u0131n\u0131n g\u00f6r\u00fcld\u00fc\u011f\u00fcne dikkat \u00e7eken Muallim; ter\u00f6ristlerin buna e\u015f zamanl\u0131 olarak sald\u0131r\u0131lar\u0131n\u0131 t\u0131rmand\u0131rmalar\u0131na ilaveten kimyasal silah su\u00e7lamalar\u0131yla Suriye&#8217;ye y\u00f6nelik h\u0131r\u00e7\u0131n bir hamlenin ba\u015flat\u0131lmas\u0131n\u0131n bu zamana denk gelmesinin tesad\u00fcf olmad\u0131\u011f\u0131na vurgu yapt\u0131"},"content":{"rendered":"<p>Son s\u00fcre\u00e7 i\u00e7inde muhtelif b\u00f6lgelerde ulusal uzla\u015fma \u00e7abalar\u0131nda ciddi ba\u015far\u0131 ufuklar\u0131n\u0131n g\u00f6r\u00fcld\u00fc\u011f\u00fcne dikkat \u00e7eken Muallim; ter\u00f6ristlerin buna e\u015f zamanl\u0131 olarak sald\u0131r\u0131lar\u0131n\u0131 t\u0131rmand\u0131rmalar\u0131na ilaveten kimyasal silah su\u00e7lamalar\u0131yla Suriye&#8217;ye y\u00f6nelik h\u0131r\u00e7\u0131n bir hamlenin ba\u015flat\u0131lmas\u0131n\u0131n bu zamana denk gelmesinin tesad\u00fcf olmad\u0131\u011f\u0131na vurgu yapt\u0131<\/p>\n","protected":false},"excerpt":{"rendered":"<p>Son s\u00fcre\u00e7 i\u00e7inde muhtelif b\u00f6lgelerde ulusal uzla\u015fma \u00e7abalar\u0131nda ciddi ba\u015far\u0131 ufuklar\u0131n\u0131n g\u00f6r\u00fcld\u00fc\u011f\u00fcne dikkat \u00e7eken Muallim; ter\u00f6ristlerin buna e\u015f zamanl\u0131 olarak sald\u0131r\u0131lar\u0131n\u0131 t\u0131rmand\u0131rmalar\u0131na ilaveten kimyasal silah su\u00e7lamalar\u0131yla Suriye&#8217;ye y\u00f6nelik h\u0131r\u00e7\u0131n bir hamlenin ba\u015flat\u0131lmas\u0131n\u0131n bu zamana denk gelmesinin tesad\u00fcf olmad\u0131\u011f\u0131na vurgu yapt\u0131<\/p>\n","protected":false},"author":1,"featured_media":0,"comment_status":"closed","ping_status":"closed","sticky":false,"template":"","format":"standard","meta":{"footnotes":""},"categories":[17991],"tags":[],"class_list":["post-110510","post","type-post","status-publish","format-standard","","category-son-dakika"],"_links":{"self":[{"href":"https:\/\/archive.sana.sy\/tr\/index.php?rest_route=\/wp\/v2\/posts\/110510","targetHints":{"allow":["GET"]}}],"collection":[{"href":"https:\/\/archive.sana.sy\/tr\/index.php?rest_route=\/wp\/v2\/posts"}],"about":[{"href":"https:\/\/archive.sana.sy\/tr\/index.php?rest_route=\/wp\/v2\/types\/post"}],"author":[{"embeddable":true,"href":"https:\/\/archive.sana.sy\/tr\/index.php?rest_route=\/wp\/v2\/users\/1"}],"replies":[{"embeddable":true,"href":"https:\/\/archive.sana.sy\/tr\/index.php?rest_route=%2Fwp%2Fv2%2Fcomments&post=110510"}],"version-history":[{"count":0,"href":"https:\/\/archive.sana.sy\/tr\/index.php?rest_route=\/wp\/v2\/posts\/110510\/revisions"}],"wp:attachment":[{"href":"https:\/\/archive.sana.sy\/tr\/index.php?rest_route=%2Fwp%2Fv2%2Fmedia&parent=110510"}],"wp:term":[{"taxonomy":"category","embeddable":true,"href":"https:\/\/archive.sana.sy\/tr\/index.php?rest_route=%2Fwp%2Fv2%2Fcategories&post=110510"},{"taxonomy":"post_tag","embeddable":true,"href":"https:\/\/archive.sana.sy\/tr\/index.php?rest_route=%2Fwp%2Fv2%2Ftags&post=110510"}],"curies":[{"name":"wp","href":"https:\/\/api.w.org\/{rel}","templated":true}]}}