{"id":110513,"date":"2017-04-06T13:37:03","date_gmt":"2017-04-06T10:37:03","guid":{"rendered":"http:\/\/www.sana.sy\/tr\/?p=110513"},"modified":"2017-04-06T14:28:37","modified_gmt":"2017-04-06T11:28:37","slug":"teror-orgutleri-temsilcilerinin-son-olarak-astana-gorusmelerine-katilmama-nedenlerinden-birinin-de-bu-oldugunu-belirten-muallim-turkiye-rejiminin-destekleyip-yonlendirdigi-bu-teror-orgutleri-temsilci","status":"publish","type":"post","link":"https:\/\/archive.sana.sy\/tr\/?p=110513","title":{"rendered":"Ter\u00f6r \u00f6rg\u00fctleri temsilcilerinin son olarak Astana g\u00f6r\u00fc\u015fmelerine kat\u0131lmama nedenlerinden birinin de bu oldu\u011funu belirten Muallim; T\u00fcrkiye rejiminin destekleyip y\u00f6nlendirdi\u011fi bu ter\u00f6r \u00f6rg\u00fctleri temsilcilerine kat\u0131lmama talimatlar\u0131 verip Astana s\u00fcrecini baltalamaya \u00e7al\u0131\u015ft\u0131\u011f\u0131n\u0131 belirtti."},"content":{"rendered":"<p>Ter\u00f6r \u00f6rg\u00fctleri temsilcilerinin son olarak Astana g\u00f6r\u00fc\u015fmelerine kat\u0131lmama nedenlerinden birinin de bu oldu\u011funu belirten Muallim; T\u00fcrkiye rejiminin destekleyip y\u00f6nlendirdi\u011fi bu ter\u00f6r \u00f6rg\u00fctleri temsilcilerine kat\u0131lmama talimatlar\u0131 verip Astana s\u00fcrecini baltalamaya \u00e7al\u0131\u015ft\u0131\u011f\u0131n\u0131 belirtti.<\/p>\n","protected":false},"excerpt":{"rendered":"<p>Ter\u00f6r \u00f6rg\u00fctleri temsilcilerinin son olarak Astana g\u00f6r\u00fc\u015fmelerine kat\u0131lmama nedenlerinden birinin de bu oldu\u011funu belirten Muallim; T\u00fcrkiye rejiminin destekleyip y\u00f6nlendirdi\u011fi bu ter\u00f6r \u00f6rg\u00fctleri temsilcilerine kat\u0131lmama talimatlar\u0131 verip Astana s\u00fcrecini baltalamaya \u00e7al\u0131\u015ft\u0131\u011f\u0131n\u0131 belirtti.<\/p>\n","protected":false},"author":1,"featured_media":0,"comment_status":"closed","ping_status":"closed","sticky":false,"template":"","format":"standard","meta":{"footnotes":""},"categories":[17991],"tags":[],"class_list":["post-110513","post","type-post","status-publish","format-standard","","category-son-dakika"],"_links":{"self":[{"href":"https:\/\/archive.sana.sy\/tr\/index.php?rest_route=\/wp\/v2\/posts\/110513","targetHints":{"allow":["GET"]}}],"collection":[{"href":"https:\/\/archive.sana.sy\/tr\/index.php?rest_route=\/wp\/v2\/posts"}],"about":[{"href":"https:\/\/archive.sana.sy\/tr\/index.php?rest_route=\/wp\/v2\/types\/post"}],"author":[{"embeddable":true,"href":"https:\/\/archive.sana.sy\/tr\/index.php?rest_route=\/wp\/v2\/users\/1"}],"replies":[{"embeddable":true,"href":"https:\/\/archive.sana.sy\/tr\/index.php?rest_route=%2Fwp%2Fv2%2Fcomments&post=110513"}],"version-history":[{"count":0,"href":"https:\/\/archive.sana.sy\/tr\/index.php?rest_route=\/wp\/v2\/posts\/110513\/revisions"}],"wp:attachment":[{"href":"https:\/\/archive.sana.sy\/tr\/index.php?rest_route=%2Fwp%2Fv2%2Fmedia&parent=110513"}],"wp:term":[{"taxonomy":"category","embeddable":true,"href":"https:\/\/archive.sana.sy\/tr\/index.php?rest_route=%2Fwp%2Fv2%2Fcategories&post=110513"},{"taxonomy":"post_tag","embeddable":true,"href":"https:\/\/archive.sana.sy\/tr\/index.php?rest_route=%2Fwp%2Fv2%2Ftags&post=110513"}],"curies":[{"name":"wp","href":"https:\/\/api.w.org\/{rel}","templated":true}]}}