{"id":110527,"date":"2017-04-06T13:50:53","date_gmt":"2017-04-06T10:50:53","guid":{"rendered":"http:\/\/www.sana.sy\/tr\/?p=110527"},"modified":"2017-04-06T14:47:31","modified_gmt":"2017-04-06T11:47:31","slug":"muallim-bu-meselenin-tamamen-suriye-anayasasi-ve-halkinin-bir-meselesi-oldugunu-vurgularken-ileriki-sureclerde-uzlasma-yoluyla-cozuleceginden-hicbir-kuskusu-olmadiginin-altini-cizdi","status":"publish","type":"post","link":"https:\/\/archive.sana.sy\/tr\/?p=110527","title":{"rendered":"Muallim bu meselenin tamamen Suriye anayasas\u0131 ve halk\u0131n\u0131n bir meselesi oldu\u011funu vurgularken, ileriki s\u00fcre\u00e7lerde uzla\u015fma yoluyla \u00e7\u00f6z\u00fclece\u011finden hi\u00e7bir ku\u015fkusu olmad\u0131\u011f\u0131n\u0131n alt\u0131n\u0131 \u00e7izdi"},"content":{"rendered":"<p>Muallim bu meselenin tamamen Suriye anayasas\u0131 ve halk\u0131n\u0131n bir meselesi oldu\u011funu vurgularken, ileriki s\u00fcre\u00e7lerde uzla\u015fma yoluyla \u00e7\u00f6z\u00fclece\u011finden hi\u00e7bir ku\u015fkusu olmad\u0131\u011f\u0131n\u0131n alt\u0131n\u0131 \u00e7izdi<\/p>\n","protected":false},"excerpt":{"rendered":"<p>Muallim bu meselenin tamamen Suriye anayasas\u0131 ve halk\u0131n\u0131n bir meselesi oldu\u011funu vurgularken, ileriki s\u00fcre\u00e7lerde uzla\u015fma yoluyla \u00e7\u00f6z\u00fclece\u011finden hi\u00e7bir ku\u015fkusu olmad\u0131\u011f\u0131n\u0131n alt\u0131n\u0131 \u00e7izdi<\/p>\n","protected":false},"author":1,"featured_media":0,"comment_status":"closed","ping_status":"closed","sticky":false,"template":"","format":"standard","meta":{"footnotes":""},"categories":[17991],"tags":[],"class_list":["post-110527","post","type-post","status-publish","format-standard","","category-son-dakika"],"_links":{"self":[{"href":"https:\/\/archive.sana.sy\/tr\/index.php?rest_route=\/wp\/v2\/posts\/110527","targetHints":{"allow":["GET"]}}],"collection":[{"href":"https:\/\/archive.sana.sy\/tr\/index.php?rest_route=\/wp\/v2\/posts"}],"about":[{"href":"https:\/\/archive.sana.sy\/tr\/index.php?rest_route=\/wp\/v2\/types\/post"}],"author":[{"embeddable":true,"href":"https:\/\/archive.sana.sy\/tr\/index.php?rest_route=\/wp\/v2\/users\/1"}],"replies":[{"embeddable":true,"href":"https:\/\/archive.sana.sy\/tr\/index.php?rest_route=%2Fwp%2Fv2%2Fcomments&post=110527"}],"version-history":[{"count":0,"href":"https:\/\/archive.sana.sy\/tr\/index.php?rest_route=\/wp\/v2\/posts\/110527\/revisions"}],"wp:attachment":[{"href":"https:\/\/archive.sana.sy\/tr\/index.php?rest_route=%2Fwp%2Fv2%2Fmedia&parent=110527"}],"wp:term":[{"taxonomy":"category","embeddable":true,"href":"https:\/\/archive.sana.sy\/tr\/index.php?rest_route=%2Fwp%2Fv2%2Fcategories&post=110527"},{"taxonomy":"post_tag","embeddable":true,"href":"https:\/\/archive.sana.sy\/tr\/index.php?rest_route=%2Fwp%2Fv2%2Ftags&post=110527"}],"curies":[{"name":"wp","href":"https:\/\/api.w.org\/{rel}","templated":true}]}}