{"id":110535,"date":"2017-04-06T13:24:33","date_gmt":"2017-04-06T10:24:33","guid":{"rendered":"http:\/\/www.sana.sy\/tr\/?p=110535"},"modified":"2017-04-07T15:18:14","modified_gmt":"2017-04-07T12:18:14","slug":"teroristler-sivillere-saldirilarini-surduruyor-3","status":"publish","type":"post","link":"https:\/\/archive.sana.sy\/tr\/?p=110535","title":{"rendered":"Ter\u00f6ristler Sivillere Sald\u0131r\u0131lar\u0131n\u0131 S\u00fcrd\u00fcr\u00fcyor"},"content":{"rendered":"<p>\u0130LLER \u2013 Belli ba\u015fl\u0131 rejimlerin Suriye ve halk\u0131na y\u00f6nelik sava\u015f\u0131nda edat olarak kulland\u0131klar\u0131 ter\u00f6ristler bug\u00fcn de sivil yerle\u015fim alanlar\u0131na kar\u015f\u0131 gaddar ter\u00f6r sald\u0131r\u0131lar\u0131n\u0131 s\u00fcrd\u00fcrd\u00fc.<\/p>\n<p><span style=\"color: #0000ff\">\u0130DL\u0130B:<\/span><\/p>\n<p>\u0130dlib k\u0131rsal\u0131n\u0131n kuzeyinde Erdo\u011fan ve Al Suud rejimlerine tabi ter\u00f6ristlerin 3 y\u0131la a\u015fk\u0131n s\u00fcredir ku\u015fatma alt\u0131nda tuttuklar\u0131 Fua ve Kefrayya beldelerinden yerel kaynaklar; civarda bulunan ter\u00f6ristlerin bug\u00fcn beldeyi 30\u2019dan fazla f\u00fczeyle hedef ald\u0131klar\u0131n\u0131 aktard\u0131.<\/p>\n<p>Kaynaklar vatanda\u015flar\u0131n evlerinde maddi hasarlar\u0131n meydana geldi\u011fi ter\u00f6r sald\u0131r\u0131lar\u0131 sonucunda bir adam ve bir \u00e7ocu\u011fun yaraland\u0131klar\u0131n\u0131 kaydetti.<\/p>\n<p><span style=\"color: #0000ff\">HALEP:<\/span><\/p>\n<p>Halep Emniyet M\u00fcd\u00fcrl\u00fc\u011f\u00fcnde yetkili bir kaynak SANA muhabirine yapt\u0131\u011f\u0131 a\u00e7\u0131klamada Halep Kentinin g\u00fcneybat\u0131s\u0131nda Ra\u015fidin semtinde varl\u0131k g\u00f6steren silahl\u0131 ter\u00f6r gruplar\u0131n\u0131n Hamadaniye b\u00f6lgesinde bulunan \u00dc\u00e7 Bin Konut Projesini 10 roketle hedef ald\u0131klar\u0131n\u0131 belirtti.<\/p>\n<p>Kaynak ter\u00f6ristlerin roket sald\u0131r\u0131s\u0131 sonucunda 2 vatanda\u015f\u0131m\u0131z\u0131n \u015fehit d\u00fc\u015ft\u00fc\u011f\u00fcn\u00fc aralar\u0131nda bir \u00e7ocu\u011fun bulundu\u011fu 6 vatanda\u015f\u0131m\u0131z\u0131n da yaraland\u0131\u011f\u0131n\u0131 belirtti. Kaynak ayr\u0131ca ter\u00f6ristlerin f\u0131rlatt\u0131klar\u0131 roketlerin isabet ettikleri b\u00f6lgelerde maddi hasar meydana geldi\u011fini belirtti.<\/p>\n<p>Ter\u00f6r sald\u0131r\u0131s\u0131nda \u015fehit d\u00fc\u015fen iki vatanda\u015f\u0131m\u0131z\u0131n ailelerini ve hastanede tedavileri s\u00fcren yaral\u0131lar\u0131 ziyaret eden Baas Partisi Halep Ofisi Sekreteri Fad\u0131l Neccar, silahl\u0131 ter\u00f6r gruplar\u0131n\u0131n sivil konut b\u00f6lgelerini hedef alan ve s\u00fcrekli tekrar eden sald\u0131r\u0131lar\u0131n\u0131n, Halep sakinlerinin direni\u015fini k\u0131ramayan ter\u00f6ristlerin hezimetini yans\u0131tt\u0131\u011f\u0131n\u0131 dile getirdi. Neccar; Ter\u00f6rist sald\u0131r\u0131lar\u0131n Halep sakinlerinin direni\u015fini k\u0131rmaya yetmeyece\u011fini Halep halk\u0131n\u0131n her sald\u0131r\u0131 sonras\u0131nda daha g\u00fc\u00e7l\u00fc ve direni\u015fte daha \u0131srarl\u0131 oldu\u011funu ekledi.<\/p>\n<p><span style=\"color: #0000ff\">HAMA:<\/span><\/p>\n<p>Hama Emniyet M\u00fcd\u00fcrl\u00fc\u011f\u00fcnde bir kaynak ise silahl\u0131 ter\u00f6r gruplar\u0131n\u0131n Mharde Kentine yine roketlerle sald\u0131rd\u0131\u011f\u0131n\u0131 aktar\u0131rken; vatanda\u015flar\u0131n evlerine d\u00fc\u015fen f\u00fczeler sonucunda bir vatanda\u015f\u0131m\u0131z\u0131n \u015fehit d\u00fc\u015ft\u00fc\u011f\u00fcn\u00fc ve sivil m\u00fclklerde maddi hasar meydana geldi\u011fini belirtti.<\/p>\n<p>Ter\u00f6ristlerin Hama \u0130line tabi Skaylbiye Kentini de 8 f\u00fczeyle hedef ald\u0131klar\u0131n\u0131 ifade eden kaynak; burada da 5 vatanda\u015f\u0131m\u0131z\u0131n yaraland\u0131\u011f\u0131n\u0131 ve evlerde maddi hasar meydana geldi\u011fini belirtti.<\/p>\n<p>Kaynak Tel el Sah\u0131r tepelerinde saklanan silahl\u0131 ter\u00f6r gruplar\u0131n\u0131n Kernaz Beldesinde bulunan sivil vatanda\u015flar\u0131n evlerini 10 f\u00fczeyle hedef ald\u0131klar\u0131n\u0131 belirtirken, bir \u00e7ocu\u011fun yaraland\u0131\u011f\u0131n\u0131 s\u00f6yledi.<\/p>\n<p>Kaynak;d\u0131\u015f g\u00fc\u00e7lere hizmet eden ter\u00f6ristlerin Hama k\u0131rsal\u0131n\u0131n Selhab, \u015eatha Asiyla b\u00f6lgeleri ve Zara Elektrik \u00dcretim Santralini de 20\u2019den fazla f\u00fczeyle hedef ald\u0131klar\u0131n\u0131 ifade ederken; buralarda \u015fans eseri can kayb\u0131 meydana gelmedi\u011fini ve sald\u0131r\u0131lar\u0131n sonu\u00e7lar\u0131n\u0131n maddi hasarla s\u0131n\u0131rl\u0131 kald\u0131\u011f\u0131n\u0131 ekledi.<\/p>\n<p><span style=\"color: #0000ff\">KUNAYTRA:<\/span><\/p>\n<p>Kunaytra\u2019da, i\u015fgalci \u0130srail ile ba\u011flant\u0131l\u0131 silahl\u0131 ter\u00f6r gruplar\u0131n\u0131n Hadar ve Han Arnebe beldelerinde sivil vatanda\u015flar\u0131n evlerini hedef alarak d\u00fczenledikleri roket sald\u0131r\u0131lar\u0131 sonucunda 3 vatanda\u015f\u0131m\u0131z \u015fehit d\u00fc\u015ft\u00fc biri \u00e7ocuk 5 vatanda\u015f\u0131m\u0131z da yaraland\u0131.<\/p>\n<p>Kunaytra Valili\u011finde bir kaynak ter\u00f6ristlerin d\u00fczenledikleri roket sald\u0131r\u0131lar\u0131 sonucunda yaralanan vatanda\u015flar\u0131m\u0131zdan birinin \u015fehit d\u00fc\u015fmesiyle \u015fehitlerimizin say\u0131s\u0131n\u0131n 3\u2019e y\u00fckseldi\u011fini aktard\u0131.<\/p>\n<p><span style=\"color: #0000ff\">DERA:<\/span><\/p>\n<p>Uluslar aras\u0131 ter\u00f6r \u00f6rg\u00fctleri listesinde ad\u0131 ge\u00e7en Nusra Cephesi ter\u00f6r \u00f6rg\u00fct\u00fcn\u00fcn Dera kentinde sivil yerle\u015fim b\u00f6lgelerini hedef alan f\u00fcze sald\u0131r\u0131lar\u0131 sonucu bir\u00e7ok vatanda\u015f\u0131n evinde yang\u0131n meydana geldi.<\/p>\n<p>Silahl\u0131 ter\u00f6r gruplar\u0131n\u0131n Sehari, Dahiye ve Matar semtlerinde d\u00fczenledikleri sald\u0131r\u0131lar\u0131n sonucunda bir \u00e7ocuk yaralan\u0131rken meydana gelen yang\u0131nlarda bir\u00e7ok vatanda\u015f\u0131n evi b\u00fcy\u00fck hasar g\u00f6rd\u00fc.<\/p>\n","protected":false},"excerpt":{"rendered":"<p>\u0130LLER \u2013 Belli ba\u015fl\u0131 rejimlerin Suriye ve halk\u0131na y\u00f6nelik sava\u015f\u0131nda edat olarak kulland\u0131klar\u0131 ter\u00f6ristler bug\u00fcn de sivil yerle\u015fim alanlar\u0131na kar\u015f\u0131 gaddar ter\u00f6r sald\u0131r\u0131lar\u0131n\u0131 s\u00fcrd\u00fcrd\u00fc. \u0130DL\u0130B: \u0130dlib k\u0131rsal\u0131n\u0131n kuzeyinde Erdo\u011fan ve Al Suud rejimlerine tabi ter\u00f6ristlerin 3 y\u0131la a\u015fk\u0131n s\u00fcredir ku\u015fatma alt\u0131nda tuttuklar\u0131 Fua ve Kefrayya beldelerinden yerel kaynaklar; civarda bulunan ter\u00f6ristlerin bug\u00fcn beldeyi 30\u2019dan fazla &hellip;<\/p>\n","protected":false},"author":1,"featured_media":110538,"comment_status":"closed","ping_status":"closed","sticky":false,"template":"","format":"standard","meta":{"footnotes":""},"categories":[479,575,17988,478],"tags":[18237,20978,17274,17273,1294,18723,18174,16591,25447,19034,2930,21450],"class_list":["post-110535","post","type-post","status-publish","format-standard","has-post-thumbnail","","category-haberler-yerel","category-olaylar-ve-gercekler","category-son-haberler","category-yerel","tag-cihatcilar","tag-fua-ve-kefrayya","tag-fuze-saldirisi","tag-havan-saldirisi","tag-idlib","tag-muhalifler","tag-sivillere-saldiri","tag-suriye","tag-suriye-savasi","tag-suriyeli-muhalifler","tag-teroristler","tag-teroristler-sivillere-saldirilarini-surduruyor"],"_links":{"self":[{"href":"https:\/\/archive.sana.sy\/tr\/index.php?rest_route=\/wp\/v2\/posts\/110535","targetHints":{"allow":["GET"]}}],"collection":[{"href":"https:\/\/archive.sana.sy\/tr\/index.php?rest_route=\/wp\/v2\/posts"}],"about":[{"href":"https:\/\/archive.sana.sy\/tr\/index.php?rest_route=\/wp\/v2\/types\/post"}],"author":[{"embeddable":true,"href":"https:\/\/archive.sana.sy\/tr\/index.php?rest_route=\/wp\/v2\/users\/1"}],"replies":[{"embeddable":true,"href":"https:\/\/archive.sana.sy\/tr\/index.php?rest_route=%2Fwp%2Fv2%2Fcomments&post=110535"}],"version-history":[{"count":0,"href":"https:\/\/archive.sana.sy\/tr\/index.php?rest_route=\/wp\/v2\/posts\/110535\/revisions"}],"wp:featuredmedia":[{"embeddable":true,"href":"https:\/\/archive.sana.sy\/tr\/index.php?rest_route=\/wp\/v2\/media\/110538"}],"wp:attachment":[{"href":"https:\/\/archive.sana.sy\/tr\/index.php?rest_route=%2Fwp%2Fv2%2Fmedia&parent=110535"}],"wp:term":[{"taxonomy":"category","embeddable":true,"href":"https:\/\/archive.sana.sy\/tr\/index.php?rest_route=%2Fwp%2Fv2%2Fcategories&post=110535"},{"taxonomy":"post_tag","embeddable":true,"href":"https:\/\/archive.sana.sy\/tr\/index.php?rest_route=%2Fwp%2Fv2%2Ftags&post=110535"}],"curies":[{"name":"wp","href":"https:\/\/api.w.org\/{rel}","templated":true}]}}