{"id":11064,"date":"2014-09-23T20:11:54","date_gmt":"2014-09-23T17:11:54","guid":{"rendered":"http:\/\/www.sana.sy\/tr\/?p=11064"},"modified":"2014-09-23T20:11:54","modified_gmt":"2014-09-23T17:11:54","slug":"suriye-iside-karsi-saldiri-hakkinda-bildirildi","status":"publish","type":"post","link":"https:\/\/archive.sana.sy\/tr\/?p=11064","title":{"rendered":"Suriye I\u015e\u0130D\u2019e Kar\u015f\u0131 Sald\u0131r\u0131 Hakk\u0131nda Bildirildi"},"content":{"rendered":"<p>BM \u2013 Birle\u015fmi\u015f Milletler Genel Sekreteri Ban Kim Moon, Suriye\u2019nin \u201cIrak ve \u015eam \u0130slam Devleti\u201d ter\u00f6r \u00f6rg\u00fct\u00fcne kar\u015f\u0131 hava sald\u0131r\u0131s\u0131n\u0131 talep etmedi\u011fini ancak \u00f6nceden bildirildi\u011fini kaydetti.<\/p>\n<p>Reuters Haber Ajans\u0131, Fransa Cumhurba\u015fkan\u0131 Fran\u00e7ois Holland\u2019la ortak bas\u0131n toplant\u0131s\u0131 yapan Ki Moon\u2019un bug\u00fcn yap\u0131lan darbelerin Suriye h\u00fck\u00fcmetinden gelen bir talebe binaen ger\u00e7ekle\u015ftirilmedi\u011fini, buna kar\u015f\u0131n Suriye h\u00fck\u00fcmetini \u00f6nceden bildirmek g\u00f6z \u00f6n\u00fcnde bulunduruldu\u011funu ifadelerini aktard\u0131.<\/p>\n<p>Ki Moon \u201cRadikal gruplar\u0131n\u201d uluslararas\u0131 g\u00fcven ve bar\u0131\u015fa bir tehdit olu\u015fturduklar\u0131n\u0131 inkar edilemez oldu\u011funu kaydetti.<\/p>\n","protected":false},"excerpt":{"rendered":"<p>BM \u2013 Birle\u015fmi\u015f Milletler Genel Sekreteri Ban Kim Moon, Suriye\u2019nin \u201cIrak ve \u015eam \u0130slam Devleti\u201d ter\u00f6r \u00f6rg\u00fct\u00fcne kar\u015f\u0131 hava sald\u0131r\u0131s\u0131n\u0131 talep etmedi\u011fini ancak \u00f6nceden bildirildi\u011fini kaydetti. Reuters Haber Ajans\u0131, Fransa Cumhurba\u015fkan\u0131 Fran\u00e7ois Holland\u2019la ortak bas\u0131n toplant\u0131s\u0131 yapan Ki Moon\u2019un bug\u00fcn yap\u0131lan darbelerin Suriye h\u00fck\u00fcmetinden gelen bir talebe binaen ger\u00e7ekle\u015ftirilmedi\u011fini, buna kar\u015f\u0131n Suriye h\u00fck\u00fcmetini \u00f6nceden bildirmek &hellip;<\/p>\n","protected":false},"author":1,"featured_media":11065,"comment_status":"closed","ping_status":"closed","sticky":false,"template":"","format":"standard","meta":{"footnotes":""},"categories":[458,459,447],"tags":[2666],"class_list":["post-11064","post","type-post","status-publish","format-standard","has-post-thumbnail","","category-dunya1","category-haberler-arap-uluslararasi-politika","category-politika","tag-suriye-iside-karsi-saldiri-hakkinda-bildirildi"],"_links":{"self":[{"href":"https:\/\/archive.sana.sy\/tr\/index.php?rest_route=\/wp\/v2\/posts\/11064","targetHints":{"allow":["GET"]}}],"collection":[{"href":"https:\/\/archive.sana.sy\/tr\/index.php?rest_route=\/wp\/v2\/posts"}],"about":[{"href":"https:\/\/archive.sana.sy\/tr\/index.php?rest_route=\/wp\/v2\/types\/post"}],"author":[{"embeddable":true,"href":"https:\/\/archive.sana.sy\/tr\/index.php?rest_route=\/wp\/v2\/users\/1"}],"replies":[{"embeddable":true,"href":"https:\/\/archive.sana.sy\/tr\/index.php?rest_route=%2Fwp%2Fv2%2Fcomments&post=11064"}],"version-history":[{"count":0,"href":"https:\/\/archive.sana.sy\/tr\/index.php?rest_route=\/wp\/v2\/posts\/11064\/revisions"}],"wp:featuredmedia":[{"embeddable":true,"href":"https:\/\/archive.sana.sy\/tr\/index.php?rest_route=\/wp\/v2\/media\/11065"}],"wp:attachment":[{"href":"https:\/\/archive.sana.sy\/tr\/index.php?rest_route=%2Fwp%2Fv2%2Fmedia&parent=11064"}],"wp:term":[{"taxonomy":"category","embeddable":true,"href":"https:\/\/archive.sana.sy\/tr\/index.php?rest_route=%2Fwp%2Fv2%2Fcategories&post=11064"},{"taxonomy":"post_tag","embeddable":true,"href":"https:\/\/archive.sana.sy\/tr\/index.php?rest_route=%2Fwp%2Fv2%2Ftags&post=11064"}],"curies":[{"name":"wp","href":"https:\/\/api.w.org\/{rel}","templated":true}]}}