{"id":110652,"date":"2017-04-07T17:45:46","date_gmt":"2017-04-07T14:45:46","guid":{"rendered":"http:\/\/www.sana.sy\/tr\/?p=110652"},"modified":"2017-04-07T17:45:46","modified_gmt":"2017-04-07T14:45:46","slug":"sana-muhabiri-teroristlerin-firlattiklari-fuzelerinin-sam-kirsalinda-ceramana-kentine-dusmeleri-sonucunda-1-vatandasin-sehit-20-vatandasin-da-yarali-dustugunu-belirtti","status":"publish","type":"post","link":"https:\/\/archive.sana.sy\/tr\/?p=110652","title":{"rendered":"SANA muhabiri; ter\u00f6ristlerin f\u0131rlatt\u0131klar\u0131 f\u00fczelerinin \u015eam k\u0131rsal\u0131nda Ceramana Kentine d\u00fc\u015fmeleri sonucunda 1 vatanda\u015f\u0131n \u015fehit, 20 vatanda\u015f\u0131n da yaral\u0131 d\u00fc\u015ft\u00fc\u011f\u00fcn\u00fc belirtti"},"content":{"rendered":"<p>SANA muhabiri; ter\u00f6ristlerin f\u0131rlatt\u0131klar\u0131 f\u00fczelerinin \u015eam k\u0131rsal\u0131nda Ceramana Kentine d\u00fc\u015fmeleri sonucunda 1 vatanda\u015f\u0131n \u015fehit, 20 vatanda\u015f\u0131n da yaral\u0131 d\u00fc\u015ft\u00fc\u011f\u00fcn\u00fc belirtti<\/p>\n","protected":false},"excerpt":{"rendered":"<p>SANA muhabiri; ter\u00f6ristlerin f\u0131rlatt\u0131klar\u0131 f\u00fczelerinin \u015eam k\u0131rsal\u0131nda Ceramana Kentine d\u00fc\u015fmeleri sonucunda 1 vatanda\u015f\u0131n \u015fehit, 20 vatanda\u015f\u0131n da yaral\u0131 d\u00fc\u015ft\u00fc\u011f\u00fcn\u00fc belirtti<\/p>\n","protected":false},"author":1,"featured_media":0,"comment_status":"closed","ping_status":"closed","sticky":false,"template":"","format":"standard","meta":{"footnotes":""},"categories":[17991],"tags":[],"class_list":["post-110652","post","type-post","status-publish","format-standard","","category-son-dakika"],"_links":{"self":[{"href":"https:\/\/archive.sana.sy\/tr\/index.php?rest_route=\/wp\/v2\/posts\/110652","targetHints":{"allow":["GET"]}}],"collection":[{"href":"https:\/\/archive.sana.sy\/tr\/index.php?rest_route=\/wp\/v2\/posts"}],"about":[{"href":"https:\/\/archive.sana.sy\/tr\/index.php?rest_route=\/wp\/v2\/types\/post"}],"author":[{"embeddable":true,"href":"https:\/\/archive.sana.sy\/tr\/index.php?rest_route=\/wp\/v2\/users\/1"}],"replies":[{"embeddable":true,"href":"https:\/\/archive.sana.sy\/tr\/index.php?rest_route=%2Fwp%2Fv2%2Fcomments&post=110652"}],"version-history":[{"count":0,"href":"https:\/\/archive.sana.sy\/tr\/index.php?rest_route=\/wp\/v2\/posts\/110652\/revisions"}],"wp:attachment":[{"href":"https:\/\/archive.sana.sy\/tr\/index.php?rest_route=%2Fwp%2Fv2%2Fmedia&parent=110652"}],"wp:term":[{"taxonomy":"category","embeddable":true,"href":"https:\/\/archive.sana.sy\/tr\/index.php?rest_route=%2Fwp%2Fv2%2Fcategories&post=110652"},{"taxonomy":"post_tag","embeddable":true,"href":"https:\/\/archive.sana.sy\/tr\/index.php?rest_route=%2Fwp%2Fv2%2Ftags&post=110652"}],"curies":[{"name":"wp","href":"https:\/\/api.w.org\/{rel}","templated":true}]}}