{"id":11067,"date":"2014-09-23T20:38:33","date_gmt":"2014-09-23T17:38:33","guid":{"rendered":"http:\/\/www.sana.sy\/tr\/?p=11067"},"modified":"2014-09-23T20:38:33","modified_gmt":"2014-09-23T17:38:33","slug":"koalisyonun-isidin-suriyedeki-mevzilerine-saldirilari-gayri-mesru","status":"publish","type":"post","link":"https:\/\/archive.sana.sy\/tr\/?p=11067","title":{"rendered":"Koalisyonun I\u015e\u0130D\u2019in Suriye\u2019deki Mevzilerine Sald\u0131r\u0131lar\u0131 Gayr\u0131 Me\u015fru"},"content":{"rendered":"<p>TAHRAN \u2013 \u0130ran Cumhurba\u015fkan\u0131 Hasan Rohani Amerika Birle\u015fik Devletlerinin bug\u00fcn \u201cIrak ve \u015eam \u0130slam Devleti\u201d ter\u00f6r \u00f6rg\u00fct\u00fcn\u00fcn Suriye i\u00e7erisindeki hedeflerine d\u00fczenledi\u011fi sald\u0131r\u0131lar\u0131 \u201cNe Suriye\u2019nin onay\u0131, ne de Uluslararas\u0131 G\u00fcvenlik Konseyi\u2019nin izniyle ger\u00e7ekle\u015fmedi\u011fi i\u00e7in gayr\u0131 me\u015frudur\u201d diyerek ele\u015ftirdi.<\/p>\n<p>\u0130ran Haber Ajans\u0131, New York \u2019ta BBC kanal\u0131na a\u00e7\u0131klamalarda bulunan Rohani\u2019nin ABD\u2019nin Irak\u2019ta d\u00fczenledi\u011fi hava sald\u0131r\u0131lar\u0131n\u0131n Irak H\u00fck\u00fcmetinin talebiyle ger\u00e7ekle\u015fti\u011fini, bil mukabil Suriye H\u00fck\u00fcmetinin kimseden askeri sald\u0131r\u0131da bulunmas\u0131n\u0131 talep etmedi\u011fini s\u00f6yledi\u011fini aktard\u0131.<\/p>\n<p>\u00d6te yandan Rohani ABD Ba\u015fkan\u0131 Barack Obama\u2019yla BM Genel Kurulu y\u0131ll\u0131k toplant\u0131s\u0131 m\u00fcnasebetiyle bir toplant\u0131 yap\u0131lamayaca\u011f\u0131n\u0131 kaydetti.<\/p>\n","protected":false},"excerpt":{"rendered":"<p>TAHRAN \u2013 \u0130ran Cumhurba\u015fkan\u0131 Hasan Rohani Amerika Birle\u015fik Devletlerinin bug\u00fcn \u201cIrak ve \u015eam \u0130slam Devleti\u201d ter\u00f6r \u00f6rg\u00fct\u00fcn\u00fcn Suriye i\u00e7erisindeki hedeflerine d\u00fczenledi\u011fi sald\u0131r\u0131lar\u0131 \u201cNe Suriye\u2019nin onay\u0131, ne de Uluslararas\u0131 G\u00fcvenlik Konseyi\u2019nin izniyle ger\u00e7ekle\u015fmedi\u011fi i\u00e7in gayr\u0131 me\u015frudur\u201d diyerek ele\u015ftirdi. \u0130ran Haber Ajans\u0131, New York \u2019ta BBC kanal\u0131na a\u00e7\u0131klamalarda bulunan Rohani\u2019nin ABD\u2019nin Irak\u2019ta d\u00fczenledi\u011fi hava sald\u0131r\u0131lar\u0131n\u0131n Irak H\u00fck\u00fcmetinin &hellip;<\/p>\n","protected":false},"author":1,"featured_media":11068,"comment_status":"closed","ping_status":"closed","sticky":false,"template":"","format":"standard","meta":{"footnotes":""},"categories":[458,459,447],"tags":[2667],"class_list":["post-11067","post","type-post","status-publish","format-standard","has-post-thumbnail","","category-dunya1","category-haberler-arap-uluslararasi-politika","category-politika","tag-koalisyonun-isidin-suriyedeki-mevzilerine-saldirilari-gayri-mesru"],"_links":{"self":[{"href":"https:\/\/archive.sana.sy\/tr\/index.php?rest_route=\/wp\/v2\/posts\/11067","targetHints":{"allow":["GET"]}}],"collection":[{"href":"https:\/\/archive.sana.sy\/tr\/index.php?rest_route=\/wp\/v2\/posts"}],"about":[{"href":"https:\/\/archive.sana.sy\/tr\/index.php?rest_route=\/wp\/v2\/types\/post"}],"author":[{"embeddable":true,"href":"https:\/\/archive.sana.sy\/tr\/index.php?rest_route=\/wp\/v2\/users\/1"}],"replies":[{"embeddable":true,"href":"https:\/\/archive.sana.sy\/tr\/index.php?rest_route=%2Fwp%2Fv2%2Fcomments&post=11067"}],"version-history":[{"count":0,"href":"https:\/\/archive.sana.sy\/tr\/index.php?rest_route=\/wp\/v2\/posts\/11067\/revisions"}],"wp:featuredmedia":[{"embeddable":true,"href":"https:\/\/archive.sana.sy\/tr\/index.php?rest_route=\/wp\/v2\/media\/11068"}],"wp:attachment":[{"href":"https:\/\/archive.sana.sy\/tr\/index.php?rest_route=%2Fwp%2Fv2%2Fmedia&parent=11067"}],"wp:term":[{"taxonomy":"category","embeddable":true,"href":"https:\/\/archive.sana.sy\/tr\/index.php?rest_route=%2Fwp%2Fv2%2Fcategories&post=11067"},{"taxonomy":"post_tag","embeddable":true,"href":"https:\/\/archive.sana.sy\/tr\/index.php?rest_route=%2Fwp%2Fv2%2Ftags&post=11067"}],"curies":[{"name":"wp","href":"https:\/\/api.w.org\/{rel}","templated":true}]}}