{"id":110673,"date":"2017-04-07T20:27:09","date_gmt":"2017-04-07T17:27:09","guid":{"rendered":"http:\/\/www.sana.sy\/tr\/?p=110673"},"modified":"2017-04-08T14:46:20","modified_gmt":"2017-04-08T11:46:20","slug":"genelkurmay-baskani-suayrat-hava-ussunde-saha-incelemelerinde-bulundu","status":"publish","type":"post","link":"https:\/\/archive.sana.sy\/tr\/?p=110673","title":{"rendered":"Genelkurmay Ba\u015fkan\u0131 \u015euayrat Hava \u00dcss\u00fcnde Saha \u0130ncelemelerinde Bulundu (video)"},"content":{"rendered":"<p>HOMS \u2013 Genel Kurmay Ba\u015fkan\u0131 Korgeneral Ali Abdullah Ey\u00fcp Homs k\u0131rsal\u0131n\u0131n do\u011fusunda bug\u00fcn ABD sald\u0131r\u0131s\u0131na maruz kalan \u015euayrat Hava \u00dcss\u00fcne saha incelemelerinde bulundu.<\/p>\n<p><a href=\"http:\/\/www.sana.sy\/tr\/wp-content\/uploads\/2017\/04\/1-45.jpg\"><img loading=\"lazy\" decoding=\"async\" class=\"alignright wp-image-110677 size-medium\" src=\"http:\/\/www.sana.sy\/tr\/wp-content\/uploads\/2017\/04\/1-45-300x207.jpg\" alt=\"\" width=\"300\" height=\"207\" srcset=\"https:\/\/archive.sana.sy\/tr\/wp-content\/uploads\/2017\/04\/1-45-300x207.jpg 300w, https:\/\/archive.sana.sy\/tr\/wp-content\/uploads\/2017\/04\/1-45-150x104.jpg 150w, https:\/\/archive.sana.sy\/tr\/wp-content\/uploads\/2017\/04\/1-45-768x530.jpg 768w, https:\/\/archive.sana.sy\/tr\/wp-content\/uploads\/2017\/04\/1-45-1024x707.jpg 1024w, https:\/\/archive.sana.sy\/tr\/wp-content\/uploads\/2017\/04\/1-45-110x75.jpg 110w, https:\/\/archive.sana.sy\/tr\/wp-content\/uploads\/2017\/04\/1-45.jpg 1214w\" sizes=\"auto, (max-width: 300px) 100vw, 300px\" \/><\/a>Korgeneral Ey\u00fcp; Ordu ve Silahl\u0131 Kuvvetler Genel Komutan\u0131 Orgeneral Be\u015f\u015far el Esad\u2019\u0131n y\u00f6nlendirmeleriyle \u00fcst d\u00fczey subaylar\u0131n e\u015fli\u011finde ger\u00e7ekle\u015ftirdi\u011fi saha ziyaretinde hava \u00fcss\u00fcnde bulunan pilotlarla bir araya geldi.<\/p>\n<p>Hava \u00fcss\u00fcnde dola\u015f\u0131p ABD sald\u0131r\u0131s\u0131 sonras\u0131nda hava \u00fcss\u00fcnde meydana gelen hasarlar ve zayiat\u0131 inceleyen Korgeneral Ey\u00fcp; al\u0131nan \u00f6nlemler ve bu \u00f6nlemlerin etkinli\u011fini denetledi. Ey\u00fcp hava \u00fcss\u00fcnde bulunan pilot ve teknisyenlerle bulu\u015fmas\u0131nda bulunduklar\u0131 g\u00f6revler ve ABD sald\u0131r\u0131s\u0131n\u0131n durumu hakk\u0131nda bilgi ald\u0131.<\/p>\n<p>Genelkurmay Ba\u015fkan\u0131 Ey\u00fcp; hava \u00fcss\u00fcnde bulunan subay ve t\u00fcm personellerin sergiledikleri y\u00fcksek moral ve g\u00f6rev sorumlulu\u011funun takdire \u015fayan oldu\u011funu vurgularken, Suriye&#8217;nin ordusu ve halk\u0131yla ter\u00f6r \u00f6rg\u00fctleri ve i\u015fverenlerine kar\u015f\u0131 sald\u0131r\u0131lar\u0131n\u0131 azimle s\u00fcrd\u00fcrece\u011finin alt\u0131n\u0131 \u00e7izdi.<\/p>\n<p>Genelkurmay Ba\u015fkan\u0131 Ey\u00fcp; her zaman her ihtimale kar\u015f\u0131 haz\u0131r olma gere\u011finin alt\u0131n\u0131 \u00e7izerken, ordu birliklerimizin muhtelif birlikleri ve \u00fcsleriyle daimi olarak vatan\u0131 savunma haz\u0131rl\u0131\u011f\u0131nda olma talimatlar\u0131 verdi.<\/p>\n<p><a href=\"http:\/\/www.sana.sy\/tr\/wp-content\/uploads\/2017\/04\/3-22.jpg\"><img loading=\"lazy\" decoding=\"async\" class=\"alignright wp-image-110678 size-medium\" src=\"http:\/\/www.sana.sy\/tr\/wp-content\/uploads\/2017\/04\/3-22-300x199.jpg\" alt=\"\" width=\"300\" height=\"199\" srcset=\"https:\/\/archive.sana.sy\/tr\/wp-content\/uploads\/2017\/04\/3-22-300x199.jpg 300w, https:\/\/archive.sana.sy\/tr\/wp-content\/uploads\/2017\/04\/3-22-150x100.jpg 150w, https:\/\/archive.sana.sy\/tr\/wp-content\/uploads\/2017\/04\/3-22-768x510.jpg 768w, https:\/\/archive.sana.sy\/tr\/wp-content\/uploads\/2017\/04\/3-22-1024x680.jpg 1024w, https:\/\/archive.sana.sy\/tr\/wp-content\/uploads\/2017\/04\/3-22-310x205.jpg 310w, https:\/\/archive.sana.sy\/tr\/wp-content\/uploads\/2017\/04\/3-22.jpg 1280w\" sizes=\"auto, (max-width: 300px) 100vw, 300px\" \/><\/a>\u015euayrat Hava \u00dcss\u00fcndeki vatan koruyucular\u0131m\u0131z ise bu \u00fcss\u00fcn her daim vatan ve halk\u0131n\u0131 savunmada \u00fcst\u00fcne d\u00fc\u015fen g\u00f6revi en iyi \u015fekilde yerine getirmeye haz\u0131r olaca\u011f\u0131n\u0131; bu gibi d\u00fc\u015fmanc\u0131 sald\u0131r\u0131lar\u0131n hava \u00fcss\u00fc ve i\u00e7inde g\u00f6rev yapan vatan koruyucular\u0131m\u0131z\u0131 sorumluluklar\u0131ndan cayd\u0131rmas\u0131n\u0131n m\u00fcmk\u00fcn olamayaca\u011f\u0131n\u0131 vurgulad\u0131.<\/p>\n<p>Saha ziyaretinin bitiminde Genelkurmay Ba\u015fkan\u0131 Korgeneral Ey\u00fcp; ABD sald\u0131r\u0131s\u0131 sonucunda yaralanan ve Homs Kentindeki \u015eehit Abd\u00fclkadir \u015e\u0131kfa Hastanesinde tedavi g\u00f6ren yaral\u0131 gazilerimizi ziyaret edip sa\u011fl\u0131k durumlar\u0131 hakk\u0131nda bilgi ald\u0131. Yaral\u0131lara acil \u015fifalar temenni eden Ey\u00fcp, en k\u0131sa zamanda iyile\u015fmeleri i\u00e7in gereken t\u00fcm t\u0131bbi icraatlar\u0131n al\u0131nmas\u0131 talimatlar\u0131 verdi.<\/p>\n<p>https:\/\/www.youtube.com\/watch?v=W4iQatJxHuk<\/p>\n","protected":false},"excerpt":{"rendered":"<p>HOMS \u2013 Genel Kurmay Ba\u015fkan\u0131 Korgeneral Ali Abdullah Ey\u00fcp Homs k\u0131rsal\u0131n\u0131n do\u011fusunda bug\u00fcn ABD sald\u0131r\u0131s\u0131na maruz kalan \u015euayrat Hava \u00dcss\u00fcne saha incelemelerinde bulundu. Korgeneral Ey\u00fcp; Ordu ve Silahl\u0131 Kuvvetler Genel Komutan\u0131 Orgeneral Be\u015f\u015far el Esad\u2019\u0131n y\u00f6nlendirmeleriyle \u00fcst d\u00fczey subaylar\u0131n e\u015fli\u011finde ger\u00e7ekle\u015ftirdi\u011fi saha ziyaretinde hava \u00fcss\u00fcnde bulunan pilotlarla bir araya geldi. Hava \u00fcss\u00fcnde dola\u015f\u0131p ABD sald\u0131r\u0131s\u0131 &hellip;<\/p>\n","protected":false},"author":1,"featured_media":110675,"comment_status":"closed","ping_status":"closed","sticky":false,"template":"","format":"standard","meta":{"footnotes":""},"categories":[479,575,17988,478],"tags":[28886,28887],"class_list":["post-110673","post","type-post","status-publish","format-standard","has-post-thumbnail","","category-haberler-yerel","category-olaylar-ve-gercekler","category-son-haberler","category-yerel","tag-genelkurmay-baskani-suayrat-hava-ussunde-saha-incelemelerinde-bulundu","tag-homs-genel-kurmay-baskani-korgeneral-ali-abdullah-eyup-homs-kirsalinin-dogusunda-bugun-abd-saldirisina-maruz-kalan-suayrat-hava-ussune-saha-incelemelerinde-bulundu"],"_links":{"self":[{"href":"https:\/\/archive.sana.sy\/tr\/index.php?rest_route=\/wp\/v2\/posts\/110673","targetHints":{"allow":["GET"]}}],"collection":[{"href":"https:\/\/archive.sana.sy\/tr\/index.php?rest_route=\/wp\/v2\/posts"}],"about":[{"href":"https:\/\/archive.sana.sy\/tr\/index.php?rest_route=\/wp\/v2\/types\/post"}],"author":[{"embeddable":true,"href":"https:\/\/archive.sana.sy\/tr\/index.php?rest_route=\/wp\/v2\/users\/1"}],"replies":[{"embeddable":true,"href":"https:\/\/archive.sana.sy\/tr\/index.php?rest_route=%2Fwp%2Fv2%2Fcomments&post=110673"}],"version-history":[{"count":0,"href":"https:\/\/archive.sana.sy\/tr\/index.php?rest_route=\/wp\/v2\/posts\/110673\/revisions"}],"wp:featuredmedia":[{"embeddable":true,"href":"https:\/\/archive.sana.sy\/tr\/index.php?rest_route=\/wp\/v2\/media\/110675"}],"wp:attachment":[{"href":"https:\/\/archive.sana.sy\/tr\/index.php?rest_route=%2Fwp%2Fv2%2Fmedia&parent=110673"}],"wp:term":[{"taxonomy":"category","embeddable":true,"href":"https:\/\/archive.sana.sy\/tr\/index.php?rest_route=%2Fwp%2Fv2%2Fcategories&post=110673"},{"taxonomy":"post_tag","embeddable":true,"href":"https:\/\/archive.sana.sy\/tr\/index.php?rest_route=%2Fwp%2Fv2%2Ftags&post=110673"}],"curies":[{"name":"wp","href":"https:\/\/api.w.org\/{rel}","templated":true}]}}