{"id":110682,"date":"2017-04-08T12:00:27","date_gmt":"2017-04-08T09:00:27","guid":{"rendered":"http:\/\/www.sana.sy\/tr\/?p=110682"},"modified":"2017-04-09T13:58:45","modified_gmt":"2017-04-09T10:58:45","slug":"amerikalilar-abdnin-suriyeye-saldirisini-protesto-etti","status":"publish","type":"post","link":"https:\/\/archive.sana.sy\/tr\/?p=110682","title":{"rendered":"Amerikal\u0131lar ABD\u2019nin Suriye&#8217;ye Sald\u0131r\u0131s\u0131n\u0131 Protesto Etti"},"content":{"rendered":"<p>NEW YORK \u2013 Amerikal\u0131 y\u00fczlerce vatanda\u015f d\u00fcn, ABD\u2019nin Homs \u0130linin do\u011fusunda yer alan \u015euayrat Hava \u00dcss\u00fcne sald\u0131r\u0131s\u0131n\u0131 protesto eden bir g\u00f6steri d\u00fczenledi.<\/p>\n<p>NBC New York web haber sitesi; Amerikal\u0131 y\u00fczlerce vatanda\u015f\u0131n d\u00fcn New York sokaklar\u0131na \u00e7\u0131karak Trump Kulesi \u00f6n\u00fcnde topland\u0131klar\u0131n\u0131 belirtti. G\u00f6stericilerin, ABD\u2019nin Suriye&#8217;ye sald\u0131r\u0131s\u0131n\u0131 k\u0131nayan pankartlar ta\u015f\u0131d\u0131klar\u0131na dikkat \u00e7ekilen haberde; g\u00f6stericilerin ABD idaresinden Suriye&#8217;ye y\u00f6nelik t\u00fcm m\u00fcdahalelerine son vermesini talep ettikleri kaydedildi.<\/p>\n<p>Amerikal\u0131 Senat\u00f6r Tulsi Gabbard; ABD\u2019nin Suriye&#8217;ye sald\u0131r\u0131s\u0131n\u0131 ahmak\u00e7a ve dar g\u00f6r\u00fc\u015fl\u00fc bir sald\u0131r\u0131 olarak nitelendirirken, ABD\u2019nin Suriye&#8217;ye y\u00f6nelik temelde gayr\u0131 me\u015fru olan sava\u015f\u0131n\u0131 daha karma\u015f\u0131k k\u0131laca\u011f\u0131n\u0131 ifade etmi\u015fti.<\/p>\n","protected":false},"excerpt":{"rendered":"<p>NEW YORK \u2013 Amerikal\u0131 y\u00fczlerce vatanda\u015f d\u00fcn, ABD\u2019nin Homs \u0130linin do\u011fusunda yer alan \u015euayrat Hava \u00dcss\u00fcne sald\u0131r\u0131s\u0131n\u0131 protesto eden bir g\u00f6steri d\u00fczenledi. NBC New York web haber sitesi; Amerikal\u0131 y\u00fczlerce vatanda\u015f\u0131n d\u00fcn New York sokaklar\u0131na \u00e7\u0131karak Trump Kulesi \u00f6n\u00fcnde topland\u0131klar\u0131n\u0131 belirtti. G\u00f6stericilerin, ABD\u2019nin Suriye&#8217;ye sald\u0131r\u0131s\u0131n\u0131 k\u0131nayan pankartlar ta\u015f\u0131d\u0131klar\u0131na dikkat \u00e7ekilen haberde; g\u00f6stericilerin ABD idaresinden Suriye&#8217;ye &hellip;<\/p>\n","protected":false},"author":1,"featured_media":110686,"comment_status":"closed","ping_status":"closed","sticky":false,"template":"","format":"standard","meta":{"footnotes":""},"categories":[458,459,17988],"tags":[],"class_list":["post-110682","post","type-post","status-publish","format-standard","has-post-thumbnail","","category-dunya1","category-haberler-arap-uluslararasi-politika","category-son-haberler"],"_links":{"self":[{"href":"https:\/\/archive.sana.sy\/tr\/index.php?rest_route=\/wp\/v2\/posts\/110682","targetHints":{"allow":["GET"]}}],"collection":[{"href":"https:\/\/archive.sana.sy\/tr\/index.php?rest_route=\/wp\/v2\/posts"}],"about":[{"href":"https:\/\/archive.sana.sy\/tr\/index.php?rest_route=\/wp\/v2\/types\/post"}],"author":[{"embeddable":true,"href":"https:\/\/archive.sana.sy\/tr\/index.php?rest_route=\/wp\/v2\/users\/1"}],"replies":[{"embeddable":true,"href":"https:\/\/archive.sana.sy\/tr\/index.php?rest_route=%2Fwp%2Fv2%2Fcomments&post=110682"}],"version-history":[{"count":0,"href":"https:\/\/archive.sana.sy\/tr\/index.php?rest_route=\/wp\/v2\/posts\/110682\/revisions"}],"wp:featuredmedia":[{"embeddable":true,"href":"https:\/\/archive.sana.sy\/tr\/index.php?rest_route=\/wp\/v2\/media\/110686"}],"wp:attachment":[{"href":"https:\/\/archive.sana.sy\/tr\/index.php?rest_route=%2Fwp%2Fv2%2Fmedia&parent=110682"}],"wp:term":[{"taxonomy":"category","embeddable":true,"href":"https:\/\/archive.sana.sy\/tr\/index.php?rest_route=%2Fwp%2Fv2%2Fcategories&post=110682"},{"taxonomy":"post_tag","embeddable":true,"href":"https:\/\/archive.sana.sy\/tr\/index.php?rest_route=%2Fwp%2Fv2%2Ftags&post=110682"}],"curies":[{"name":"wp","href":"https:\/\/api.w.org\/{rel}","templated":true}]}}