{"id":110687,"date":"2017-04-08T20:08:45","date_gmt":"2017-04-08T17:08:45","guid":{"rendered":"http:\/\/www.sana.sy\/tr\/?p=110687"},"modified":"2017-04-09T13:53:49","modified_gmt":"2017-04-09T10:53:49","slug":"vaer-semtini-silahlilardan-arindirma-calismalari-devam-ediyor-3","status":"publish","type":"post","link":"https:\/\/archive.sana.sy\/tr\/?p=110687","title":{"rendered":"480 Silahl\u0131 Semtten Tahliye Edildi (video)"},"content":{"rendered":"<p>HOMS \u2013 Homs Kentinin bat\u0131s\u0131nda yer alan ve kentte ter\u00f6ristlerin bulundu\u011fu tek b\u00f6lge olarak kalan Vaer Semtini ter\u00f6rden ar\u0131nd\u0131rma ve semtte g\u00fcvenlik istikrar\u0131 sa\u011flama \u00e7abalar\u0131 kapsam\u0131nda bug\u00fcn 480 ter\u00f6rist semtten tahliye edildi.<\/p>\n<p>Homs Valisi Talal el Berazi SANA\u2019ya a\u00e7\u0131klamalar\u0131nda hayata ge\u00e7irilme \u00e7abalar\u0131 normal bir \u015fekilde seyir eden \u00e7al\u0131\u015fmalarda bug\u00fcn, silahlar\u0131n\u0131 teslim etmeyi reddeden ter\u00f6ristlerin d\u00f6rd\u00fcnc\u00fc b\u00f6l\u00fcm\u00fc olarak 480 ter\u00f6ristin otob\u00fcslerle tahliye edildiklerini belirtti. Berazi ter\u00f6ristlerin bir k\u0131sm\u0131n\u0131n aileleriyle birlikte semtten \u00e7\u0131kt\u0131klar\u0131n\u0131 kaydetti.<\/p>\n<p>Vaer Semtinden \u00e7\u0131kan ter\u00f6ristlerin Halep k\u0131rsal\u0131n\u0131n kuzeydo\u011fu y\u00f6n\u00fcne gittiklerini belirten Berazi; \u00f6n\u00fcm\u00fczdeki s\u00fcre\u00e7 i\u00e7inde semtte arta kalan ve silahlar\u0131n\u0131 teslim etmeyi reddeden ter\u00f6ristleri tahliye etme \u00e7al\u0131\u015fmalar\u0131n\u0131n devam edece\u011fini a\u00e7\u0131klad\u0131.<\/p>\n<p>Homs \u0130linin muhtelif b\u00f6lgelerinde 2016\/15 say\u0131l\u0131 af karar\u0131ndan faydalanma ama\u00e7l\u0131 olarak silahl\u0131lar\u0131n silahlar\u0131yla teslim olmaya devam ettiklerini belirten Vali Berazi; \u015fu ana dek y\u00fczlerce ki\u015finin af karar\u0131ndan faydalan\u0131p normal ya\u015fam\u0131na d\u00f6nd\u00fc\u011f\u00fcn\u00fc, bir\u00e7ok b\u00f6lgede de g\u00fcvenli\u011fin uzla\u015fmayla sa\u011fland\u0131\u011f\u0131n\u0131 vurgulad\u0131.<\/p>\n<p>Vali Berazi; Vaer Semtini ter\u00f6rden temizleme \u00e7al\u0131\u015fmalar\u0131n\u0131n Suriye K\u0131z\u0131lay \u00d6rg\u00fct\u00fc, G\u00fcvenlik g\u00fc\u00e7leri ve Rus askeri polislerin g\u00f6zetiminde y\u00fcr\u00fct\u00fcld\u00fc\u011f\u00fcn\u00fc ifade etti. Bu \u00e7al\u0131\u015fmalar\u0131n BM\u2019den uzak bir \u015fekilde y\u00fcr\u00fct\u00fcld\u00fc\u011f\u00fcne i\u015faret eden Berazi; Suriye ve halk\u0131na d\u00fc\u015fman d\u0131\u015f g\u00fc\u00e7lerin uzla\u015fma \u00e7abalar\u0131n\u0131 sabote etme \u00e7abalar\u0131nda ba\u015far\u0131l\u0131 olamad\u0131klar\u0131n\u0131 s\u00f6yledi.<\/p>\n<p>Vali Berazi; silahlar\u0131n\u0131 teslim etmeyi reddeden ter\u00f6ristlerin tamam\u0131n\u0131n tahliye edilmeleri ard\u0131ndan onar\u0131m ekiplerinin derhal semte girece\u011fini ve t\u00fcm altyap\u0131 \u015febekeleri ve kurumlar\u0131n\u0131 onar\u0131p hizmete koyma \u00e7al\u0131\u015fmalar\u0131na ba\u015flayacaklar\u0131n\u0131 belirtti.<\/p>\n<p>Semte a\u00e7\u0131lan M\u00fchendisler Bulvar\u0131ndan g\u00fcn\u00fc birlik olarak 200 ila 300 ki\u015fi aras\u0131nda vatanda\u015f\u0131n girdi\u011fine dikkat \u00e7eken Homs Valisi, daha \u00f6nce ter\u00f6r sald\u0131r\u0131lar\u0131 nedeniyle semtten ayr\u0131lan bu vatanda\u015flar\u0131n bir k\u0131sm\u0131n\u0131n kal\u0131c\u0131 olarak semtte evlerine d\u00f6nd\u00fcklerini, bir k\u0131sm\u0131n\u0131n ise evlerini kontrol edip ter\u00f6rden korktuklar\u0131 i\u00e7in geri d\u00f6nd\u00fcklerini a\u00e7\u0131klad\u0131.<\/p>\n<p>Homs Emniyet M\u00fcd\u00fcr\u00fc Halit Hilal ise; ter\u00f6ristlerin tamamen tahliye edilmeleri ard\u0131ndan uzla\u015fma anla\u015fmas\u0131 kapsam\u0131nda semtin g\u00fcvenli\u011fini temin etmek i\u00e7in g\u00fcvenlik g\u00fc\u00e7lerinin semte girmeleri i\u00e7in t\u00fcm haz\u0131rl\u0131k ve icraatlar\u0131n tamamland\u0131\u011f\u0131n\u0131 belirtti.<\/p>\n<p>Emniyet m\u00fcd\u00fcr\u00fc \u015fu an semt kenarlar\u0131nda bir g\u00fcvenlik karargah\u0131n\u0131n kuruldu\u011funu, bu karargahta vatanda\u015flar\u0131n resmi i\u015flemlerinin ge\u00e7ici olarak yap\u0131ld\u0131\u011f\u0131n\u0131 ifade etti.<\/p>\n<p>Vaer Semtinin ter\u00f6rden ar\u0131nd\u0131r\u0131lmas\u0131 ve semtteki devlet kurumlar\u0131n\u0131n yeninden hizmete ba\u015flamas\u0131 amac\u0131yla y\u00fcr\u00fct\u00fclen uzla\u015fma anla\u015fmas\u0131 kapsam\u0131nda daha \u00f6nce bir k\u0131sm\u0131 aileleriyle birlikte olmak \u00fczere 3 bine yak\u0131n ter\u00f6rist Halep k\u0131rsal\u0131 ve \u0130dlib\u2019e tahliye edilmi\u015flerdi. Ayn\u0131 zamanda bine yak\u0131n silahl\u0131 da teslim olup af karar\u0131ndan faydalanmas\u0131 ard\u0131ndan normal ya\u015fam\u0131na d\u00f6nm\u00fc\u015ft\u00fc.<\/p>\n<div id='gallery-1' class='gallery galleryid-110687 gallery-columns-3 gallery-size-thumbnail'><figure class='gallery-item'>\n\t\t\t<div class='gallery-icon landscape'>\n\t\t\t\t<a href='https:\/\/archive.sana.sy\/tr\/wp-content\/uploads\/2017\/04\/1-1-1.jpg'><img loading=\"lazy\" decoding=\"async\" width=\"150\" height=\"100\" src=\"https:\/\/archive.sana.sy\/tr\/wp-content\/uploads\/2017\/04\/1-1-1-150x100.jpg\" class=\"attachment-thumbnail size-thumbnail\" alt=\"\" srcset=\"https:\/\/archive.sana.sy\/tr\/wp-content\/uploads\/2017\/04\/1-1-1-150x100.jpg 150w, https:\/\/archive.sana.sy\/tr\/wp-content\/uploads\/2017\/04\/1-1-1-300x199.jpg 300w, https:\/\/archive.sana.sy\/tr\/wp-content\/uploads\/2017\/04\/1-1-1-768x510.jpg 768w, https:\/\/archive.sana.sy\/tr\/wp-content\/uploads\/2017\/04\/1-1-1-310x205.jpg 310w, https:\/\/archive.sana.sy\/tr\/wp-content\/uploads\/2017\/04\/1-1-1.jpg 800w\" sizes=\"auto, (max-width: 150px) 100vw, 150px\" \/><\/a>\n\t\t\t<\/div><\/figure><figure class='gallery-item'>\n\t\t\t<div class='gallery-icon landscape'>\n\t\t\t\t<a href='https:\/\/archive.sana.sy\/tr\/wp-content\/uploads\/2017\/04\/1-2-1.jpg'><img loading=\"lazy\" decoding=\"async\" width=\"150\" height=\"99\" src=\"https:\/\/archive.sana.sy\/tr\/wp-content\/uploads\/2017\/04\/1-2-1-150x99.jpg\" class=\"attachment-thumbnail size-thumbnail\" alt=\"\" srcset=\"https:\/\/archive.sana.sy\/tr\/wp-content\/uploads\/2017\/04\/1-2-1-150x99.jpg 150w, https:\/\/archive.sana.sy\/tr\/wp-content\/uploads\/2017\/04\/1-2-1-300x199.jpg 300w, https:\/\/archive.sana.sy\/tr\/wp-content\/uploads\/2017\/04\/1-2-1-768x509.jpg 768w, https:\/\/archive.sana.sy\/tr\/wp-content\/uploads\/2017\/04\/1-2-1-310x205.jpg 310w, https:\/\/archive.sana.sy\/tr\/wp-content\/uploads\/2017\/04\/1-2-1.jpg 787w\" sizes=\"auto, (max-width: 150px) 100vw, 150px\" \/><\/a>\n\t\t\t<\/div><\/figure><figure class='gallery-item'>\n\t\t\t<div class='gallery-icon landscape'>\n\t\t\t\t<a href='https:\/\/archive.sana.sy\/tr\/wp-content\/uploads\/2017\/04\/1-3-1.jpg'><img loading=\"lazy\" decoding=\"async\" width=\"150\" height=\"100\" src=\"https:\/\/archive.sana.sy\/tr\/wp-content\/uploads\/2017\/04\/1-3-1-150x100.jpg\" class=\"attachment-thumbnail size-thumbnail\" alt=\"\" srcset=\"https:\/\/archive.sana.sy\/tr\/wp-content\/uploads\/2017\/04\/1-3-1-150x100.jpg 150w, https:\/\/archive.sana.sy\/tr\/wp-content\/uploads\/2017\/04\/1-3-1-300x199.jpg 300w, https:\/\/archive.sana.sy\/tr\/wp-content\/uploads\/2017\/04\/1-3-1-768x510.jpg 768w, https:\/\/archive.sana.sy\/tr\/wp-content\/uploads\/2017\/04\/1-3-1-310x205.jpg 310w, https:\/\/archive.sana.sy\/tr\/wp-content\/uploads\/2017\/04\/1-3-1.jpg 800w\" sizes=\"auto, (max-width: 150px) 100vw, 150px\" \/><\/a>\n\t\t\t<\/div><\/figure><figure class='gallery-item'>\n\t\t\t<div class='gallery-icon landscape'>\n\t\t\t\t<a href='https:\/\/archive.sana.sy\/tr\/wp-content\/uploads\/2017\/04\/1-4-1.jpg'><img loading=\"lazy\" decoding=\"async\" width=\"150\" height=\"99\" src=\"https:\/\/archive.sana.sy\/tr\/wp-content\/uploads\/2017\/04\/1-4-1-150x99.jpg\" class=\"attachment-thumbnail size-thumbnail\" alt=\"\" srcset=\"https:\/\/archive.sana.sy\/tr\/wp-content\/uploads\/2017\/04\/1-4-1-150x99.jpg 150w, https:\/\/archive.sana.sy\/tr\/wp-content\/uploads\/2017\/04\/1-4-1-300x199.jpg 300w, https:\/\/archive.sana.sy\/tr\/wp-content\/uploads\/2017\/04\/1-4-1-768x509.jpg 768w, https:\/\/archive.sana.sy\/tr\/wp-content\/uploads\/2017\/04\/1-4-1-310x205.jpg 310w, https:\/\/archive.sana.sy\/tr\/wp-content\/uploads\/2017\/04\/1-4-1.jpg 784w\" sizes=\"auto, (max-width: 150px) 100vw, 150px\" \/><\/a>\n\t\t\t<\/div><\/figure><figure class='gallery-item'>\n\t\t\t<div class='gallery-icon landscape'>\n\t\t\t\t<a href='https:\/\/archive.sana.sy\/tr\/wp-content\/uploads\/2017\/04\/1-6-1.jpg'><img loading=\"lazy\" decoding=\"async\" width=\"150\" height=\"100\" src=\"https:\/\/archive.sana.sy\/tr\/wp-content\/uploads\/2017\/04\/1-6-1-150x100.jpg\" class=\"attachment-thumbnail size-thumbnail\" alt=\"\" srcset=\"https:\/\/archive.sana.sy\/tr\/wp-content\/uploads\/2017\/04\/1-6-1-150x100.jpg 150w, https:\/\/archive.sana.sy\/tr\/wp-content\/uploads\/2017\/04\/1-6-1-300x199.jpg 300w, https:\/\/archive.sana.sy\/tr\/wp-content\/uploads\/2017\/04\/1-6-1-768x510.jpg 768w, https:\/\/archive.sana.sy\/tr\/wp-content\/uploads\/2017\/04\/1-6-1-310x205.jpg 310w, https:\/\/archive.sana.sy\/tr\/wp-content\/uploads\/2017\/04\/1-6-1.jpg 800w\" sizes=\"auto, (max-width: 150px) 100vw, 150px\" \/><\/a>\n\t\t\t<\/div><\/figure><figure class='gallery-item'>\n\t\t\t<div class='gallery-icon landscape'>\n\t\t\t\t<a href='https:\/\/archive.sana.sy\/tr\/wp-content\/uploads\/2017\/04\/1-5-2.jpg'><img loading=\"lazy\" decoding=\"async\" width=\"150\" height=\"100\" src=\"https:\/\/archive.sana.sy\/tr\/wp-content\/uploads\/2017\/04\/1-5-2-150x100.jpg\" class=\"attachment-thumbnail size-thumbnail\" alt=\"\" srcset=\"https:\/\/archive.sana.sy\/tr\/wp-content\/uploads\/2017\/04\/1-5-2-150x100.jpg 150w, https:\/\/archive.sana.sy\/tr\/wp-content\/uploads\/2017\/04\/1-5-2-300x199.jpg 300w, https:\/\/archive.sana.sy\/tr\/wp-content\/uploads\/2017\/04\/1-5-2-768x510.jpg 768w, https:\/\/archive.sana.sy\/tr\/wp-content\/uploads\/2017\/04\/1-5-2-310x205.jpg 310w, https:\/\/archive.sana.sy\/tr\/wp-content\/uploads\/2017\/04\/1-5-2.jpg 784w\" sizes=\"auto, (max-width: 150px) 100vw, 150px\" \/><\/a>\n\t\t\t<\/div><\/figure>\n\t\t<\/div>\n\n<p>https:\/\/www.youtube.com\/watch?v=ZkyxZajwmww<\/p>\n","protected":false},"excerpt":{"rendered":"<p>HOMS \u2013 Homs Kentinin bat\u0131s\u0131nda yer alan ve kentte ter\u00f6ristlerin bulundu\u011fu tek b\u00f6lge olarak kalan Vaer Semtini ter\u00f6rden ar\u0131nd\u0131rma ve semtte g\u00fcvenlik istikrar\u0131 sa\u011flama \u00e7abalar\u0131 kapsam\u0131nda bug\u00fcn 480 ter\u00f6rist semtten tahliye edildi. Homs Valisi Talal el Berazi SANA\u2019ya a\u00e7\u0131klamalar\u0131nda hayata ge\u00e7irilme \u00e7abalar\u0131 normal bir \u015fekilde seyir eden \u00e7al\u0131\u015fmalarda bug\u00fcn, silahlar\u0131n\u0131 teslim etmeyi reddeden ter\u00f6ristlerin d\u00f6rd\u00fcnc\u00fc &hellip;<\/p>\n","protected":false},"author":1,"featured_media":110689,"comment_status":"closed","ping_status":"closed","sticky":false,"template":"","format":"standard","meta":{"footnotes":""},"categories":[596,479,575,17988,478],"tags":[3464,18237,16865,28889,19043,19034,28890,20555,18258],"class_list":["post-110687","post","type-post","status-publish","format-standard","has-post-thumbnail","","category-fotografli-raporlar","category-haberler-yerel","category-olaylar-ve-gercekler","category-son-haberler","category-yerel","tag-nusra-cephesi","tag-cihatcilar","tag-homs-kenti","tag-silahlilarin-tahliyesi","tag-suriyede-son-durum","tag-suriyeli-muhalifler","tag-talal-el-barazi","tag-ulusal-uzlsama","tag-vaer-semti"],"_links":{"self":[{"href":"https:\/\/archive.sana.sy\/tr\/index.php?rest_route=\/wp\/v2\/posts\/110687","targetHints":{"allow":["GET"]}}],"collection":[{"href":"https:\/\/archive.sana.sy\/tr\/index.php?rest_route=\/wp\/v2\/posts"}],"about":[{"href":"https:\/\/archive.sana.sy\/tr\/index.php?rest_route=\/wp\/v2\/types\/post"}],"author":[{"embeddable":true,"href":"https:\/\/archive.sana.sy\/tr\/index.php?rest_route=\/wp\/v2\/users\/1"}],"replies":[{"embeddable":true,"href":"https:\/\/archive.sana.sy\/tr\/index.php?rest_route=%2Fwp%2Fv2%2Fcomments&post=110687"}],"version-history":[{"count":0,"href":"https:\/\/archive.sana.sy\/tr\/index.php?rest_route=\/wp\/v2\/posts\/110687\/revisions"}],"wp:featuredmedia":[{"embeddable":true,"href":"https:\/\/archive.sana.sy\/tr\/index.php?rest_route=\/wp\/v2\/media\/110689"}],"wp:attachment":[{"href":"https:\/\/archive.sana.sy\/tr\/index.php?rest_route=%2Fwp%2Fv2%2Fmedia&parent=110687"}],"wp:term":[{"taxonomy":"category","embeddable":true,"href":"https:\/\/archive.sana.sy\/tr\/index.php?rest_route=%2Fwp%2Fv2%2Fcategories&post=110687"},{"taxonomy":"post_tag","embeddable":true,"href":"https:\/\/archive.sana.sy\/tr\/index.php?rest_route=%2Fwp%2Fv2%2Ftags&post=110687"}],"curies":[{"name":"wp","href":"https:\/\/api.w.org\/{rel}","templated":true}]}}