{"id":110702,"date":"2017-04-08T09:00:03","date_gmt":"2017-04-08T06:00:03","guid":{"rendered":"http:\/\/www.sana.sy\/tr\/?p=110702"},"modified":"2017-04-09T13:58:49","modified_gmt":"2017-04-09T10:58:49","slug":"amiyane-dilin-sebebi-yasadiklari-histeridir","status":"publish","type":"post","link":"https:\/\/archive.sana.sy\/tr\/?p=110702","title":{"rendered":"Amiyane Dilin Sebebi Ya\u015fad\u0131klar\u0131 Histeridir"},"content":{"rendered":"<p>\u015eAM \u2013 D\u0131\u015fi\u015fleri ve Gurbet\u00e7iler Bakan\u0131 Yard\u0131mc\u0131s\u0131 Faysal el Mikdat; Suriye&#8217;de silahl\u0131 ter\u00f6r gruplar\u0131n\u0131 destekleyen Bat\u0131 Kamp\u0131n\u0131n uluslararas\u0131 hitaplar\u0131nda amiyane bir dil kullanmas\u0131n\u0131n sebebinin Suriye Arap Ordusunun ter\u00f6re kar\u015f\u0131 sava\u015f\u0131nda kazand\u0131\u011f\u0131 zaferlerden dolay\u0131 ya\u015fad\u0131klar\u0131 histeri oldu\u011funu dile getirdi.<\/p>\n<p>Suriye Televizyonu Kanal\u0131na d\u00fcn bir r\u00f6portaj veren Mikdat; Uluslararas\u0131 G\u00fcvenlik Konseyinde Fransa ve \u0130ngiltere temsilcilerinin kulland\u0131klar\u0131 amiyane dilin Suriye Arap Ordusunun ter\u00f6re kar\u015f\u0131 sava\u015f\u0131nda kazand\u0131\u011f\u0131 zaferlerden sonra u\u011frad\u0131klar\u0131 histeriden kaynakland\u0131\u011f\u0131n\u0131 ifade ederek en s\u0131radan insan\u0131n bile G\u00fcvenlik Konseyi gibi bir kurumda b\u00f6yle bir dilin kullan\u0131labilece\u011fine inanamayaca\u011f\u0131n\u0131 belirtti.<\/p>\n<p>Suriye&#8217;de destekledikleri silahl\u0131 ter\u00f6r gruplar\u0131n\u0131n kay\u0131plar\u0131 nedeniyle Fransa ve \u0130ngiltere\u2019nin b\u00fcy\u00fck bir finans ve mali zarara u\u011frad\u0131\u011f\u0131n\u0131n alt\u0131n\u0131 \u00e7izen Mikdat; ABD\u2019nin Suriye\u2019ye kar\u015f\u0131 7 Nisan tarihinde d\u00fczenledi\u011fi ac\u0131mas\u0131z sald\u0131r\u0131n\u0131n da \u0130srail\u2019e koruma sa\u011flamak amac\u0131yla yarat\u0131lan silahl\u0131 ter\u00f6r gruplar\u0131 ile ABD aras\u0131ndaki yeni bir ittifak\u0131n yans\u0131mas\u0131 oldu\u011funu ibraz etti.<\/p>\n<p>Suriye Arap Ordusunun ter\u00f6re ve destek\u00e7ilerine kar\u015f\u0131 m\u00fccadelenin ba\u015fl\u0131\u011f\u0131 oldu\u011funu ifade eden Mikdat; Suriye halk\u0131, iktidar\u0131 ve dostlar\u0131n\u0131n \u00f6zg\u00fcrl\u00fck i\u00e7in m\u00fccadele etmek ve meydan okumalar\u0131 g\u00f6\u011f\u00fcslemek d\u0131\u015f\u0131nda bir se\u00e7enekleri bulunmad\u0131\u011f\u0131n\u0131 beyan etti.<\/p>\n","protected":false},"excerpt":{"rendered":"<p>\u015eAM \u2013 D\u0131\u015fi\u015fleri ve Gurbet\u00e7iler Bakan\u0131 Yard\u0131mc\u0131s\u0131 Faysal el Mikdat; Suriye&#8217;de silahl\u0131 ter\u00f6r gruplar\u0131n\u0131 destekleyen Bat\u0131 Kamp\u0131n\u0131n uluslararas\u0131 hitaplar\u0131nda amiyane bir dil kullanmas\u0131n\u0131n sebebinin Suriye Arap Ordusunun ter\u00f6re kar\u015f\u0131 sava\u015f\u0131nda kazand\u0131\u011f\u0131 zaferlerden dolay\u0131 ya\u015fad\u0131klar\u0131 histeri oldu\u011funu dile getirdi. Suriye Televizyonu Kanal\u0131na d\u00fcn bir r\u00f6portaj veren Mikdat; Uluslararas\u0131 G\u00fcvenlik Konseyinde Fransa ve \u0130ngiltere temsilcilerinin kulland\u0131klar\u0131 amiyane &hellip;<\/p>\n","protected":false},"author":1,"featured_media":110707,"comment_status":"closed","ping_status":"closed","sticky":false,"template":"","format":"standard","meta":{"footnotes":""},"categories":[558,556,479,17988,478],"tags":[24099,22799,18728,28819,18574,19043],"class_list":["post-110702","post","type-post","status-publish","format-standard","has-post-thumbnail","","category-arap-basini","category-basin","category-haberler-yerel","category-son-haberler","category-yerel","tag-abd-saldirisi","tag-bakan-yardimcisi","tag-faysal-mikdat","tag-kimyasal-saldiri","tag-suriye-krizi","tag-suriyede-son-durum"],"_links":{"self":[{"href":"https:\/\/archive.sana.sy\/tr\/index.php?rest_route=\/wp\/v2\/posts\/110702","targetHints":{"allow":["GET"]}}],"collection":[{"href":"https:\/\/archive.sana.sy\/tr\/index.php?rest_route=\/wp\/v2\/posts"}],"about":[{"href":"https:\/\/archive.sana.sy\/tr\/index.php?rest_route=\/wp\/v2\/types\/post"}],"author":[{"embeddable":true,"href":"https:\/\/archive.sana.sy\/tr\/index.php?rest_route=\/wp\/v2\/users\/1"}],"replies":[{"embeddable":true,"href":"https:\/\/archive.sana.sy\/tr\/index.php?rest_route=%2Fwp%2Fv2%2Fcomments&post=110702"}],"version-history":[{"count":0,"href":"https:\/\/archive.sana.sy\/tr\/index.php?rest_route=\/wp\/v2\/posts\/110702\/revisions"}],"wp:featuredmedia":[{"embeddable":true,"href":"https:\/\/archive.sana.sy\/tr\/index.php?rest_route=\/wp\/v2\/media\/110707"}],"wp:attachment":[{"href":"https:\/\/archive.sana.sy\/tr\/index.php?rest_route=%2Fwp%2Fv2%2Fmedia&parent=110702"}],"wp:term":[{"taxonomy":"category","embeddable":true,"href":"https:\/\/archive.sana.sy\/tr\/index.php?rest_route=%2Fwp%2Fv2%2Fcategories&post=110702"},{"taxonomy":"post_tag","embeddable":true,"href":"https:\/\/archive.sana.sy\/tr\/index.php?rest_route=%2Fwp%2Fv2%2Ftags&post=110702"}],"curies":[{"name":"wp","href":"https:\/\/api.w.org\/{rel}","templated":true}]}}