{"id":11077,"date":"2014-09-24T01:45:45","date_gmt":"2014-09-23T22:45:45","guid":{"rendered":"http:\/\/www.sana.sy\/tr\/?p=11077"},"modified":"2014-09-24T01:45:24","modified_gmt":"2014-09-23T22:45:24","slug":"nasrullah-abd-siyonist-teror-devletinin-mutlak-destekcisidir","status":"publish","type":"post","link":"https:\/\/archive.sana.sy\/tr\/?p=11077","title":{"rendered":"Nasrullah: ABD Siyonist Ter\u00f6r Devletinin Mutlak Destek\u00e7isidir"},"content":{"rendered":"<p>BEYRUT \u2013 L\u00fcbnan\u2019da Hizbullah Partisi Genel Sekreteri Hasan Nasrullah; silahl\u0131 ter\u00f6r gruplar\u0131n\u0131n elinde rehin olan askerler davas\u0131n\u0131 L\u00fcbnan h\u00fck\u00fcmetinin sorumlulu\u011funda oldu\u011funa i\u015faret ederek bu davan\u0131n \u00e7eki\u015fme ve hesapla\u015fmalar\u0131n d\u0131\u015f\u0131nda kalmas\u0131 temennisini dile getirdi.<\/p>\n<p>ABD\u2019nin ter\u00f6r\u00fcn anas\u0131 oldu\u011funun alt\u0131n\u0131 \u00e7izen Nasrullah; Siyonist ter\u00f6r devletinin mutlak destek\u00e7isinin ABD oldu\u011funu belirtti.<\/p>\n<p>I\u015e\u0130D ya da ba\u015fka bir ter\u00f6r olu\u015fumunu hedef alacak olsa bile ABD ya da uluslararas\u0131 herhangi bir koalisyonun askeri m\u00fcdahalesine kar\u015f\u0131 oldu\u011funu ifade eden Nasrullah; L\u00fcbnan\u2019\u0131 desteklemek amac\u0131yla uluslararas\u0131 koalisyona kat\u0131lan devletlerin \u00f6ncelcikle ter\u00f6r\u00fc desteklemeye son vermesi gerekti\u011fini vurgulad\u0131.<\/p>\n","protected":false},"excerpt":{"rendered":"<p>BEYRUT \u2013 L\u00fcbnan\u2019da Hizbullah Partisi Genel Sekreteri Hasan Nasrullah; silahl\u0131 ter\u00f6r gruplar\u0131n\u0131n elinde rehin olan askerler davas\u0131n\u0131 L\u00fcbnan h\u00fck\u00fcmetinin sorumlulu\u011funda oldu\u011funa i\u015faret ederek bu davan\u0131n \u00e7eki\u015fme ve hesapla\u015fmalar\u0131n d\u0131\u015f\u0131nda kalmas\u0131 temennisini dile getirdi. ABD\u2019nin ter\u00f6r\u00fcn anas\u0131 oldu\u011funun alt\u0131n\u0131 \u00e7izen Nasrullah; Siyonist ter\u00f6r devletinin mutlak destek\u00e7isinin ABD oldu\u011funu belirtti. I\u015e\u0130D ya da ba\u015fka bir ter\u00f6r olu\u015fumunu &hellip;<\/p>\n","protected":false},"author":1,"featured_media":11078,"comment_status":"closed","ping_status":"closed","sticky":false,"template":"","format":"standard","meta":{"footnotes":""},"categories":[458,459,447],"tags":[2669],"class_list":["post-11077","post","type-post","status-publish","format-standard","has-post-thumbnail","","category-dunya1","category-haberler-arap-uluslararasi-politika","category-politika","tag-nasrullah-abd-siyonist-teror-devletinin-mutlak-destekcisidir"],"_links":{"self":[{"href":"https:\/\/archive.sana.sy\/tr\/index.php?rest_route=\/wp\/v2\/posts\/11077","targetHints":{"allow":["GET"]}}],"collection":[{"href":"https:\/\/archive.sana.sy\/tr\/index.php?rest_route=\/wp\/v2\/posts"}],"about":[{"href":"https:\/\/archive.sana.sy\/tr\/index.php?rest_route=\/wp\/v2\/types\/post"}],"author":[{"embeddable":true,"href":"https:\/\/archive.sana.sy\/tr\/index.php?rest_route=\/wp\/v2\/users\/1"}],"replies":[{"embeddable":true,"href":"https:\/\/archive.sana.sy\/tr\/index.php?rest_route=%2Fwp%2Fv2%2Fcomments&post=11077"}],"version-history":[{"count":0,"href":"https:\/\/archive.sana.sy\/tr\/index.php?rest_route=\/wp\/v2\/posts\/11077\/revisions"}],"wp:featuredmedia":[{"embeddable":true,"href":"https:\/\/archive.sana.sy\/tr\/index.php?rest_route=\/wp\/v2\/media\/11078"}],"wp:attachment":[{"href":"https:\/\/archive.sana.sy\/tr\/index.php?rest_route=%2Fwp%2Fv2%2Fmedia&parent=11077"}],"wp:term":[{"taxonomy":"category","embeddable":true,"href":"https:\/\/archive.sana.sy\/tr\/index.php?rest_route=%2Fwp%2Fv2%2Fcategories&post=11077"},{"taxonomy":"post_tag","embeddable":true,"href":"https:\/\/archive.sana.sy\/tr\/index.php?rest_route=%2Fwp%2Fv2%2Ftags&post=11077"}],"curies":[{"name":"wp","href":"https:\/\/api.w.org\/{rel}","templated":true}]}}